{"id":61883,"date":"2017-01-17T11:35:36","date_gmt":"2017-01-17T10:35:36","guid":{"rendered":"http:\/\/2horizontes.com\/?p=61883"},"modified":"2017-01-17T11:35:36","modified_gmt":"2017-01-17T10:35:36","slug":"detenido-un-adolescente-por-matar-a-golpes-a-su-vecino-jubilado","status":"publish","type":"post","link":"https:\/\/2horizontes.com\/?p=61883","title":{"rendered":"Detenido un adolescente por matar a golpes a su vecino jubilado"},"content":{"rendered":"<p>\u201cSe va a volver loco cuando se entere de esto\u201d, eso fue lo que dijo la madre de \u201cMaxi\u201d, el chico de 14 a\u00f1os acusado de matar a Francisco Osvaldo V\u00e1zquez (86). El pasado viernes notificaron a la madre que su hijo deb\u00eda presentarse ante la fiscal\u00eda en una causa por lesiones leves y amenazas al jubilado. Nadie imagin\u00f3 que al d\u00eda siguiente V\u00e1zquez iba a aparecer golpeado y desangrado en su casa de Villa Ballester (Argentina). A las pocas horas muri\u00f3. Por el crimen tambi\u00e9n fueron detenidos a otros dos menores, seg\u00fan confirmaron a Clar\u00edn fuentes policiales.<\/p>\n<p>La detenci\u00f3n del chico de 14 a\u00f1os tiene lugar en medio de la pol\u00e9mica por la bajada de la edad de imputabilidad que impuls\u00f3 el gobierno nacional despu\u00e9s del crimen de otro chico llamado Brian Aguinaco (14), por el que fue acusado otro adolescente de 15. Este \u00faltimo fue sobrese\u00eddo y enviado a Per\u00fa bajo la tutela de sus abuelos.<\/p>\n<p>La polic\u00eda encontr\u00f3 el DNI de la v\u00edctima debajo de la cama del adolescente<\/p>\n<p>\u201cMaxi\u201d vive al lado de la casa de V\u00e1zquez. Tras la muerte del jubilado, la polic\u00eda encontr\u00f3 el DNI de la v\u00edctima debajo de la cama del adolescente. Eso, sumado a los antecedentes por agresiones y amenazas, lo convirtieron en el principal sospechoso.<\/p>\n<p>Seg\u00fan relataron vecinos de la v\u00edctima a Clar\u00edn, el jubilado y el adolescente manten\u00edan un conflicto desde hac\u00eda poco m\u00e1s de un mes. Todo comenz\u00f3 un jueves por la noche cuando V\u00e1zquez no estaba en su casa. Unos ladrones entraron en el domicilio y se llevaron dinero que el se\u00f1or ten\u00eda escondido. El jubilado hizo la denuncia en la comisar\u00eda de la zona.<\/p>\n","protected":false},"excerpt":{"rendered":"<p>\u201cSe va a volver loco cuando se entere de esto\u201d, eso fue lo que dijo la madre de \u201cMaxi\u201d, el chico de 14 a\u00f1os acusado de matar a Francisco Osvaldo V\u00e1zquez (86). El pasado viernes notificaron a la madre que su hijo deb\u00eda presentarse ante la fiscal\u00eda en una causa por lesiones leves y amenazas [&hellip;]<\/p>\n","protected":false},"author":3,"featured_media":61884,"comment_status":"open","ping_status":"open","sticky":false,"template":"","format":"standard","meta":{"footnotes":""},"categories":[40],"tags":[],"class_list":["post-61883","post","type-post","status-publish","format-standard","has-post-thumbnail","hentry","category-internacionales"],"_links":{"self":[{"href":"https:\/\/2horizontes.com\/index.php?rest_route=\/wp\/v2\/posts\/61883","targetHints":{"allow":["GET"]}}],"collection":[{"href":"https:\/\/2horizontes.com\/index.php?rest_route=\/wp\/v2\/posts"}],"about":[{"href":"https:\/\/2horizontes.com\/index.php?rest_route=\/wp\/v2\/types\/post"}],"author":[{"embeddable":true,"href":"https:\/\/2horizontes.com\/index.php?rest_route=\/wp\/v2\/users\/3"}],"replies":[{"embeddable":true,"href":"https:\/\/2horizontes.com\/index.php?rest_route=%2Fwp%2Fv2%2Fcomments&post=61883"}],"version-history":[{"count":1,"href":"https:\/\/2horizontes.com\/index.php?rest_route=\/wp\/v2\/posts\/61883\/revisions"}],"predecessor-version":[{"id":61885,"href":"https:\/\/2horizontes.com\/index.php?rest_route=\/wp\/v2\/posts\/61883\/revisions\/61885"}],"wp:featuredmedia":[{"embeddable":true,"href":"https:\/\/2horizontes.com\/index.php?rest_route=\/wp\/v2\/media\/61884"}],"wp:attachment":[{"href":"https:\/\/2horizontes.com\/index.php?rest_route=%2Fwp%2Fv2%2Fmedia&parent=61883"}],"wp:term":[{"taxonomy":"category","embeddable":true,"href":"https:\/\/2horizontes.com\/index.php?rest_route=%2Fwp%2Fv2%2Fcategories&post=61883"},{"taxonomy":"post_tag","embeddable":true,"href":"https:\/\/2horizontes.com\/index.php?rest_route=%2Fwp%2Fv2%2Ftags&post=61883"}],"curies":[{"name":"wp","href":"https:\/\/api.w.org\/{rel}","templated":true}]}}