{"id":6181,"date":"2015-05-07T14:32:00","date_gmt":"2015-05-07T13:32:00","guid":{"rendered":"http:\/\/2horizontes.com\/?p=6181"},"modified":"2015-05-07T14:32:51","modified_gmt":"2015-05-07T13:32:51","slug":"la-hija-del-presidente-de-cuba-organiza-bodas-gays","status":"publish","type":"post","link":"https:\/\/2horizontes.com\/?p=6181","title":{"rendered":"La hija del presidente de Cuba organiza bodas gays"},"content":{"rendered":"<p>No puede haber mejor aliada. Mariela Castro, sex\u00f3loga e hija de Ra\u00fal Castro, presidente de cuba\u00a0tiene una sensibilidad especial por el colectivo LGTB, al que defiende en su pa\u00eds siempre que tiene oportunidad. La \u00faltima viene a colaci\u00f3n de las Jornadas Nacionales contra la Homofobia, donde Mariela ha aprovechado para anunciar que este s\u00e1bado organizar\u00e1 bodas gays simb\u00f3licas oficiadas por pastores protestantes de diversas iglesias.<\/p>\n<p>Nuestra protagonista ha sido diputada y directora del centro\u00a0\u00a0Nacional de Educaci\u00f3n Sexual, desde el cual ha luchado sin \u00e9xito por la legalizaci\u00f3n de las uniones entre personas del mismo sexo. Hay que recordar que los homosexuales son perseguidos en la isla desde la revoluci\u00f3n de 1959 encabezada por su t\u00edo Fidel.<\/p>\n<p>\u201cLa idea surgi\u00f3 cuando vi aquella boda numerosa en toronto (en el d\u00eda del Orgullo Gay) y ten\u00eda deseos de hacer algo aqu\u00ed, pero como todo aqu\u00ed lo vamos consensuando con el movimiento de activistas, consideramos que era mejor empezar con algo m\u00e1s humilde para ver c\u00f3mo nos quedaba\u201d, explica. A pesar de que no es cat\u00f3lica, s\u00ed pretende que esta representaci\u00f3n sea vista como una modesta\u201ccelebraci\u00f3n de amor\u201d con l\u00edderes religiosos de todo tipo.<\/p>\n<p>Mariela invita a participar a todo aquel que quiera. El programa de las Jornadas est\u00e1 centrado en la defensa de espacios laborales y adem\u00e1s de estas \u201cbodas\u201d, contar\u00e1 con la participaci\u00f3n del \u00a0coro\u00a0de Hombres Gays de Washington, hecho que da buena cuenta del acercamiento pol\u00edtico iniciado entre Cuba y E.U,\u00a0Toda ayuda es bien<\/p>\n","protected":false},"excerpt":{"rendered":"<p>No puede haber mejor aliada. Mariela Castro, sex\u00f3loga e hija de Ra\u00fal Castro, presidente de cuba\u00a0tiene una sensibilidad especial por el colectivo LGTB, al que defiende en su pa\u00eds siempre que tiene oportunidad. La \u00faltima viene a colaci\u00f3n de las Jornadas Nacionales contra la Homofobia, donde Mariela ha aprovechado para anunciar que este s\u00e1bado organizar\u00e1 [&hellip;]<\/p>\n","protected":false},"author":3,"featured_media":6182,"comment_status":"open","ping_status":"open","sticky":false,"template":"","format":"standard","meta":{"footnotes":""},"categories":[49,57],"tags":[],"class_list":["post-6181","post","type-post","status-publish","format-standard","has-post-thumbnail","hentry","category-cuba","category-mundo-gay"],"_links":{"self":[{"href":"https:\/\/2horizontes.com\/index.php?rest_route=\/wp\/v2\/posts\/6181","targetHints":{"allow":["GET"]}}],"collection":[{"href":"https:\/\/2horizontes.com\/index.php?rest_route=\/wp\/v2\/posts"}],"about":[{"href":"https:\/\/2horizontes.com\/index.php?rest_route=\/wp\/v2\/types\/post"}],"author":[{"embeddable":true,"href":"https:\/\/2horizontes.com\/index.php?rest_route=\/wp\/v2\/users\/3"}],"replies":[{"embeddable":true,"href":"https:\/\/2horizontes.com\/index.php?rest_route=%2Fwp%2Fv2%2Fcomments&post=6181"}],"version-history":[{"count":2,"href":"https:\/\/2horizontes.com\/index.php?rest_route=\/wp\/v2\/posts\/6181\/revisions"}],"predecessor-version":[{"id":6186,"href":"https:\/\/2horizontes.com\/index.php?rest_route=\/wp\/v2\/posts\/6181\/revisions\/6186"}],"wp:featuredmedia":[{"embeddable":true,"href":"https:\/\/2horizontes.com\/index.php?rest_route=\/wp\/v2\/media\/6182"}],"wp:attachment":[{"href":"https:\/\/2horizontes.com\/index.php?rest_route=%2Fwp%2Fv2%2Fmedia&parent=6181"}],"wp:term":[{"taxonomy":"category","embeddable":true,"href":"https:\/\/2horizontes.com\/index.php?rest_route=%2Fwp%2Fv2%2Fcategories&post=6181"},{"taxonomy":"post_tag","embeddable":true,"href":"https:\/\/2horizontes.com\/index.php?rest_route=%2Fwp%2Fv2%2Ftags&post=6181"}],"curies":[{"name":"wp","href":"https:\/\/api.w.org\/{rel}","templated":true}]}}