{"id":61802,"date":"2017-01-15T21:37:02","date_gmt":"2017-01-15T20:37:02","guid":{"rendered":"http:\/\/2horizontes.com\/?p=61802"},"modified":"2017-01-15T21:37:02","modified_gmt":"2017-01-15T20:37:02","slug":"al-menos-30-muertos-en-el-tercer-motin-letal-en-carceles-de-brasil-en-lo-que-va-de-ano","status":"publish","type":"post","link":"https:\/\/2horizontes.com\/?p=61802","title":{"rendered":"Al menos 30 muertos en el tercer mot\u00edn letal en c\u00e1rceles de Brasil en lo que va de a\u00f1o"},"content":{"rendered":"<p class=\"story-body__introduction\">El tercer mot\u00edn ocurrido en una c\u00e1rcel de Brasil en lo que va de a\u00f1o ha dejado al menos 30 muertos.<\/p>\n<p>El hecho se desat\u00f3 en la tarde del s\u00e1bado <strong>en la prisi\u00f3n de Alca\u00e7uz, la mayor del estado de R\u00edo Grande del Norte<\/strong>, seg\u00fan confirm\u00f3 el gobierno al diario brasile\u00f1o Folha de Sao Paulo.<\/p>\n<p>Y de acuerdo a lo confirmado a BBC Brasil por Eduardo Franco, encargado de comunicaci\u00f3n de la Polic\u00eda Militar del estado, <strong>al menos tres presos fueron decapitados<\/strong>.<\/p>\n<ul class=\"story-body__unordered-list\">\n<li class=\"story-body__list-item\">Nuevo mot\u00edn en una c\u00e1rcel de Brasil deja al menos 33 muertos<\/li>\n<\/ul>\n<p>El mismo s\u00e1bado por las autoridades cercaron el exterior de la prisi\u00f3n para evitar fugas, y la polic\u00eda militar y los agentes penitenciarios esperaron al amanecer para intentar entrar en las dependencias, ya que los presos hab\u00edan cortado la luz y ten\u00edan armamento.<\/p>\n<figure class=\"media-landscape has-caption full-width\"><span class=\"image-and-copyright-container\"><img loading=\"lazy\" decoding=\"async\" class=\"responsive-image__img js-image-replace\" src=\"http:\/\/ichef-1.bbci.co.uk\/news\/624\/cpsprodpb\/BA15\/production\/_93573674_manaus_afp.jpg\" alt=\"Soldados y fuerzas especiales en el Complejo Penitenciario Anis\u00edo Jobim en Manaos, Brasil.\" width=\"976\" height=\"649\" data-highest-encountered-width=\"624\" \/><span class=\"off-screen\">Derechos de autor de la imagen<\/span><span class=\"story-image-copyright\">AFP<\/span><\/span><figcaption class=\"media-caption\"><span class=\"off-screen\">Image caption<\/span><span class=\"media-caption__text\">En la c\u00e1rcel Anis\u00edo Jobim de Manaos, la capital del estado de Amazonas, murieron 56 presos en un mot\u00edn desatado el 1 de enero.<\/span><\/figcaption><\/figure>\n<p>As\u00ed, <strong>a primera hora de este domingo <\/strong>las autoridades locales confirmaron a BBC Brasil que <strong>hab\u00edan recuperado el control del centro penitenciario<\/strong>, 13 horas despu\u00e9s del inicio de la rebeli\u00f3n.<\/p>\n<p>Aunque<strong> la operaci\u00f3n sigue en marcha<\/strong>.<\/p>\n<h2 class=\"story-body__crosshead\">Guerra entre grupos rivales<\/h2>\n<p>Es el \u00faltimo episodio del brote de violencia desatado en lo que va de a\u00f1o en c\u00e1rceles brasile\u00f1as, que l<strong>as autoridades atribuyen a una sangrienta guerra entre los dos principales grupos criminales del pa\u00eds<\/strong> \u2014el Primer Comando de la Capital (PCC) de Sao Paulo y el Comando Vermelho de R\u00edo De Janeiro\u2014 y sus aliados por el control del narcotr\u00e1fico en el pa\u00eds.<\/p>\n<p>Aunque las autoridades no lo han confirmado, los principales diarios brasile\u00f1os aseguran que el enfrentamiento en Alca\u00e7uz fue entre el PCC y el Sindicato del Crimen, aliado del Comando Vermelho.<\/p>\n<ul class=\"story-body__unordered-list\">\n<li class=\"story-body__list-item\">\u00abUna f\u00e1brica de torturas, que produce violencia y crea monstruos\u00bb: la denuncia de un sacerdote sobre la dantesca situaci\u00f3n de las c\u00e1rceles en Brasil<\/li>\n<\/ul>\n<p>El martes el gobierno brasile\u00f1o despleg\u00f3 200 efectivos de la unidad especial de la Fuerza Nacional en los estados norte\u00f1os de Amazonas y Roraima, tras la violencia desatada en sus c\u00e1rceles.<\/p>\n<figure class=\"media-landscape has-caption full-width\"><span class=\"image-and-copyright-container\"><img loading=\"lazy\" decoding=\"async\" class=\"responsive-image__img js-image-replace\" src=\"http:\/\/ichef.bbci.co.uk\/news\/624\/cpsprodpb\/C393\/production\/_93576005_hi037106157.jpg\" alt=\"Familiares de los muertos en la rebeli\u00f3n de la c\u00e1rcel Anis\u00edo Jobim de Manaos, Brasil, durante el entierro.\" width=\"976\" height=\"700\" data-highest-encountered-width=\"624\" \/><span class=\"off-screen\">Derechos de autor de la imagen<\/span><span class=\"story-image-copyright\">NATHALIE BRASIL<\/span><\/span><figcaption class=\"media-caption\"><span class=\"off-screen\">Image caption<\/span><span class=\"media-caption__text\">La de la c\u00e1rcel Anis\u00edo Jobim de Manaos, la capital del estado de Amazonas, fue la segunda rebeli\u00f3n m\u00e1s violenta de la historia del pa\u00eds ocurrida en una prisi\u00f3n.<\/span><\/figcaption><\/figure>\n<p>En la c\u00e1rcel Anis\u00edo Jobim de Manaos, la capital del estado de Amazonas, murieron 56 presos en un mot\u00edn desatado el 1 de enero.<\/p>\n<p>Fue la segunda mayor matanza registrada en una c\u00e1rcel brasile\u00f1a, despu\u00e9s de la que se registr\u00f3 el 2 de octubre de 1992 en la penitenciar\u00eda de Carandiru, en Sao Paulo \u2014murieron 111 durante la rebeli\u00f3n y cuando la polic\u00eda militar entr\u00f3 a controlarla\u2014.<\/p>\n<p>Y cuatro d\u00edas despu\u00e9s el horror se repiti\u00f3 en la Penitenciar\u00eda Agr\u00edcola de Monte Cristo (Pamc), en Boa Vista, la capital de Roraima, donde murieron 33 presos.<\/p>\n<p><strong>La ONG Human Rights Watch urgi\u00f3 esta semana al gobierno brasile\u00f1o que acabe con el hacinamiento de sus c\u00e1rceles<\/strong>, donde se estima existe una sobrepoblaci\u00f3n del 67%.<\/p>\n<p>La prisi\u00f3n de Alca\u00e7uz, la \u00faltima en sufrir una rebeli\u00f3n letal, tiene capacidad para 620 presos, pero alberga a unos 1.100.<\/p>\n","protected":false},"excerpt":{"rendered":"<p>El tercer mot\u00edn ocurrido en una c\u00e1rcel de Brasil en lo que va de a\u00f1o ha dejado al menos 30 muertos. El hecho se desat\u00f3 en la tarde del s\u00e1bado en la prisi\u00f3n de Alca\u00e7uz, la mayor del estado de R\u00edo Grande del Norte, seg\u00fan confirm\u00f3 el gobierno al diario brasile\u00f1o Folha de Sao Paulo. [&hellip;]<\/p>\n","protected":false},"author":1,"featured_media":61803,"comment_status":"open","ping_status":"open","sticky":false,"template":"","format":"standard","meta":{"footnotes":""},"categories":[40],"tags":[],"class_list":["post-61802","post","type-post","status-publish","format-standard","has-post-thumbnail","hentry","category-internacionales"],"_links":{"self":[{"href":"https:\/\/2horizontes.com\/index.php?rest_route=\/wp\/v2\/posts\/61802","targetHints":{"allow":["GET"]}}],"collection":[{"href":"https:\/\/2horizontes.com\/index.php?rest_route=\/wp\/v2\/posts"}],"about":[{"href":"https:\/\/2horizontes.com\/index.php?rest_route=\/wp\/v2\/types\/post"}],"author":[{"embeddable":true,"href":"https:\/\/2horizontes.com\/index.php?rest_route=\/wp\/v2\/users\/1"}],"replies":[{"embeddable":true,"href":"https:\/\/2horizontes.com\/index.php?rest_route=%2Fwp%2Fv2%2Fcomments&post=61802"}],"version-history":[{"count":1,"href":"https:\/\/2horizontes.com\/index.php?rest_route=\/wp\/v2\/posts\/61802\/revisions"}],"predecessor-version":[{"id":61804,"href":"https:\/\/2horizontes.com\/index.php?rest_route=\/wp\/v2\/posts\/61802\/revisions\/61804"}],"wp:featuredmedia":[{"embeddable":true,"href":"https:\/\/2horizontes.com\/index.php?rest_route=\/wp\/v2\/media\/61803"}],"wp:attachment":[{"href":"https:\/\/2horizontes.com\/index.php?rest_route=%2Fwp%2Fv2%2Fmedia&parent=61802"}],"wp:term":[{"taxonomy":"category","embeddable":true,"href":"https:\/\/2horizontes.com\/index.php?rest_route=%2Fwp%2Fv2%2Fcategories&post=61802"},{"taxonomy":"post_tag","embeddable":true,"href":"https:\/\/2horizontes.com\/index.php?rest_route=%2Fwp%2Fv2%2Ftags&post=61802"}],"curies":[{"name":"wp","href":"https:\/\/api.w.org\/{rel}","templated":true}]}}