{"id":61749,"date":"2017-01-12T17:36:34","date_gmt":"2017-01-12T16:36:34","guid":{"rendered":"http:\/\/2horizontes.com\/?p=61749"},"modified":"2017-01-12T17:36:34","modified_gmt":"2017-01-12T16:36:34","slug":"has-visto-a-este-hombre-podria-estar-en-espana-y-lo-busca-toda-europa","status":"publish","type":"post","link":"https:\/\/2horizontes.com\/?p=61749","title":{"rendered":"Has visto a este hombre? Podr\u00eda estar en Espa\u00f1a y lo busca toda Europa"},"content":{"rendered":"<p>La Guardia Civil ha dado la voz de alarma en su cuenta oficia del Twitter. El Cuerpo public\u00f3 un tuit en el que pide la colaboraci\u00f3n ciudadana para dar con uno de los hombres m\u00e1s buscados de Europa.<\/p>\n<p>Se trata de Durim Gremaj, al que se le acusa de trata de seres humanos. La Guardia Civil indica en que podr\u00eda estar actualmente en Espa\u00f1a y advierte de que en caso de verlo se llame al 062.<\/p>\n<p>&nbsp;<\/p>\n","protected":false},"excerpt":{"rendered":"<p>La Guardia Civil ha dado la voz de alarma en su cuenta oficia del Twitter. El Cuerpo public\u00f3 un tuit en el que pide la colaboraci\u00f3n ciudadana para dar con uno de los hombres m\u00e1s buscados de Europa. Se trata de Durim Gremaj, al que se le acusa de trata de seres humanos. La Guardia [&hellip;]<\/p>\n","protected":false},"author":3,"featured_media":61750,"comment_status":"open","ping_status":"open","sticky":false,"template":"","format":"standard","meta":{"footnotes":""},"categories":[85,86],"tags":[],"class_list":["post-61749","post","type-post","status-publish","format-standard","has-post-thumbnail","hentry","category-espana","category-europa"],"_links":{"self":[{"href":"https:\/\/2horizontes.com\/index.php?rest_route=\/wp\/v2\/posts\/61749","targetHints":{"allow":["GET"]}}],"collection":[{"href":"https:\/\/2horizontes.com\/index.php?rest_route=\/wp\/v2\/posts"}],"about":[{"href":"https:\/\/2horizontes.com\/index.php?rest_route=\/wp\/v2\/types\/post"}],"author":[{"embeddable":true,"href":"https:\/\/2horizontes.com\/index.php?rest_route=\/wp\/v2\/users\/3"}],"replies":[{"embeddable":true,"href":"https:\/\/2horizontes.com\/index.php?rest_route=%2Fwp%2Fv2%2Fcomments&post=61749"}],"version-history":[{"count":1,"href":"https:\/\/2horizontes.com\/index.php?rest_route=\/wp\/v2\/posts\/61749\/revisions"}],"predecessor-version":[{"id":61751,"href":"https:\/\/2horizontes.com\/index.php?rest_route=\/wp\/v2\/posts\/61749\/revisions\/61751"}],"wp:featuredmedia":[{"embeddable":true,"href":"https:\/\/2horizontes.com\/index.php?rest_route=\/wp\/v2\/media\/61750"}],"wp:attachment":[{"href":"https:\/\/2horizontes.com\/index.php?rest_route=%2Fwp%2Fv2%2Fmedia&parent=61749"}],"wp:term":[{"taxonomy":"category","embeddable":true,"href":"https:\/\/2horizontes.com\/index.php?rest_route=%2Fwp%2Fv2%2Fcategories&post=61749"},{"taxonomy":"post_tag","embeddable":true,"href":"https:\/\/2horizontes.com\/index.php?rest_route=%2Fwp%2Fv2%2Ftags&post=61749"}],"curies":[{"name":"wp","href":"https:\/\/api.w.org\/{rel}","templated":true}]}}