{"id":61743,"date":"2017-01-12T17:30:09","date_gmt":"2017-01-12T16:30:09","guid":{"rendered":"http:\/\/2horizontes.com\/?p=61743"},"modified":"2017-01-12T17:30:09","modified_gmt":"2017-01-12T16:30:09","slug":"detenido-un-diputado-opositor-en-venezuela","status":"publish","type":"post","link":"https:\/\/2horizontes.com\/?p=61743","title":{"rendered":"Detenido un diputado opositor en Venezuela"},"content":{"rendered":"<p>El vicepresidente de Venezuela, Tareck El Aissami, confirm\u00f3 este mi\u00e9rcoles por la noche la detenci\u00f3n de Gilber Caro, diputado suplente a la Asamblea Nacional por el estado de Miranda y miembro de la Direcci\u00f3n Nacional del partido Voluntad Popular (VP) que lidera el ex alcalde Leopoldo L\u00f3pez, recluido desde febrero de 2014 en una c\u00e1rcel militar.<\/p>\n<p>Desde la ma\u00f1ana de este mi\u00e9rcoles, compa\u00f1eros de partido y allegados de Caro denunciaban a trav\u00e9s de las redes sociales que el parlamentario hab\u00eda sido capturado por personas que se identificaron como agentes de la polic\u00eda pol\u00edtica (Sebin, Servicio Bolivariano de Inteligencia) en una autopista a las afueras de Valencia, capital del estado de Carabobo (centro del pa\u00eds). Desde entonces se desconoc\u00eda su paradero.<\/p>\n<p>El vicepresidente El Aissami dijo que durante la detenci\u00f3n se le incautaron explosivos, un fusil de asalto, dinero en efectivo y documentos. Los servicios de inteligencia oficiales habr\u00edan seguido a Caro desde Ure\u00f1a, una localidad del estado de T\u00e1chira fronteriza con Colombia, hasta Valencia, donde procedieron a interceptarlo cuando se dirig\u00eda hacia la capital, Caracas.<\/p>\n<p>\u201cSe trata de una persona con caracter\u00edsticas violentas\u201d, dijo El Aissami del diputado opositor, durante una declaraci\u00f3n televisada. \u201cHa sido privado de libertad por varios delitos como homicidio\u201d, record\u00f3, en referencia a los antecedentes de Caro, quien hasta 2004 cumpli\u00f3 diez a\u00f1os de una condena de 20 por un asesinato en el que el joven parlamentario, hoy con 42 a\u00f1os de edad, asegura que lo incriminaron.<\/p>\n","protected":false},"excerpt":{"rendered":"<p>El vicepresidente de Venezuela, Tareck El Aissami, confirm\u00f3 este mi\u00e9rcoles por la noche la detenci\u00f3n de Gilber Caro, diputado suplente a la Asamblea Nacional por el estado de Miranda y miembro de la Direcci\u00f3n Nacional del partido Voluntad Popular (VP) que lidera el ex alcalde Leopoldo L\u00f3pez, recluido desde febrero de 2014 en una c\u00e1rcel [&hellip;]<\/p>\n","protected":false},"author":3,"featured_media":61744,"comment_status":"open","ping_status":"open","sticky":false,"template":"","format":"standard","meta":{"footnotes":""},"categories":[43,48],"tags":[],"class_list":["post-61743","post","type-post","status-publish","format-standard","has-post-thumbnail","hentry","category-politica","category-venezuela"],"_links":{"self":[{"href":"https:\/\/2horizontes.com\/index.php?rest_route=\/wp\/v2\/posts\/61743","targetHints":{"allow":["GET"]}}],"collection":[{"href":"https:\/\/2horizontes.com\/index.php?rest_route=\/wp\/v2\/posts"}],"about":[{"href":"https:\/\/2horizontes.com\/index.php?rest_route=\/wp\/v2\/types\/post"}],"author":[{"embeddable":true,"href":"https:\/\/2horizontes.com\/index.php?rest_route=\/wp\/v2\/users\/3"}],"replies":[{"embeddable":true,"href":"https:\/\/2horizontes.com\/index.php?rest_route=%2Fwp%2Fv2%2Fcomments&post=61743"}],"version-history":[{"count":1,"href":"https:\/\/2horizontes.com\/index.php?rest_route=\/wp\/v2\/posts\/61743\/revisions"}],"predecessor-version":[{"id":61745,"href":"https:\/\/2horizontes.com\/index.php?rest_route=\/wp\/v2\/posts\/61743\/revisions\/61745"}],"wp:featuredmedia":[{"embeddable":true,"href":"https:\/\/2horizontes.com\/index.php?rest_route=\/wp\/v2\/media\/61744"}],"wp:attachment":[{"href":"https:\/\/2horizontes.com\/index.php?rest_route=%2Fwp%2Fv2%2Fmedia&parent=61743"}],"wp:term":[{"taxonomy":"category","embeddable":true,"href":"https:\/\/2horizontes.com\/index.php?rest_route=%2Fwp%2Fv2%2Fcategories&post=61743"},{"taxonomy":"post_tag","embeddable":true,"href":"https:\/\/2horizontes.com\/index.php?rest_route=%2Fwp%2Fv2%2Ftags&post=61743"}],"curies":[{"name":"wp","href":"https:\/\/api.w.org\/{rel}","templated":true}]}}