{"id":6174,"date":"2015-05-07T14:24:42","date_gmt":"2015-05-07T13:24:42","guid":{"rendered":"http:\/\/2horizontes.com\/?p=6174"},"modified":"2015-05-07T23:43:49","modified_gmt":"2015-05-07T22:43:49","slug":"denuncian-el-despido-de-un-trabajador-gay-por-tener-vih","status":"publish","type":"post","link":"https:\/\/2horizontes.com\/?p=6174","title":{"rendered":"Denuncian el despido de un trabajador gay por tener VIH"},"content":{"rendered":"<p>Erik Xavier Eblana, trabajador de Sellbytel Singular S.A.\u00a0de Barcelona, ha denunciado el despido que sufri\u00f3 el pasado 22 de julio por \u201causencia injustificada\u201d pese a\u00a0haber entregado todas las comunicaciones de baja. A Eblana, de 46 a\u00f1os y abiertamente gay, le\u00a0hab\u00eda sido diagnosticado un mes antes infecci\u00f3n por VIH. El Observatorio Contra la Homofobia (OCH), Gais Positius y el sindicato Comisiones Obreras\u00a0apoyan la denuncia del trabajador.<\/p>\n<p>Seg\u00fan explica un comunicado hecho p\u00fablico por estas entidades, el afectado, que ten\u00eda contrato indefinido con la compa\u00f1\u00eda, present\u00f3 demanda en reclamaci\u00f3n por despido nulo por discriminaci\u00f3n o violaci\u00f3n de los derechos fundamentales y libertades p\u00fablicas, o subsidiariamente improcedente. Lo que pide con esta denuncia es que su despido sea considerado nulo radical y pueda volver por tanto a su puesto de trabajo con todas las mismas condiciones. El trabajador considera adem\u00e1s que, a la vista de todo lo que ha pasado, hay prejuicios en la compa\u00f1\u00eda contra los gays y\/o las personas con VIH.<\/p>\n<p>Este mi\u00e9rcoles\u00a0Eblana ha concedido una rueda de prensa en la sede del Observatorio Contra la Homofobia acompa\u00f1ado de su presidente, Eugeni Rodr\u00edguez; de \u00a0Joaquim Roqueta, presidente de Gais Positius, y de C\u00e1ndido Gonz\u00e1lez, delegado de Comisiones Obreras. En este acto, adem\u00e1s de hacer p\u00fablico su caso, el trabajador ha hablado del juicio contra la empresa, que ser\u00e1 el pr\u00f3ximo mi\u00e9rcoles 13 en el juzgado de lo social n\u00ba 9 de Barcelona.<\/p>\n<p><em>\u201cHoy todav\u00eda se produzca discriminaciones fruto de prejuicios y de miedos sin ning\u00fan tipo de fundamentos ni evidencia cient\u00edfica. El VIH no se transmite en las actividades diarias del \u00e1mbito laboral. Exigimos que se acaben estos comportamientos discriminatorios\u201d<\/em>, declar\u00f3 Joaquim Roqueta. Eugeni Rodr\u00edguez, por su parte, exigi\u00f3 <em>\u201cque no se vulneren derechos fundamentales relacionados con la salud de las personas LGTBI\u201d.<\/em><\/p>\n","protected":false},"excerpt":{"rendered":"<p>Erik Xavier Eblana, trabajador de Sellbytel Singular S.A.\u00a0de Barcelona, ha denunciado el despido que sufri\u00f3 el pasado 22 de julio por \u201causencia injustificada\u201d pese a\u00a0haber entregado todas las comunicaciones de baja. A Eblana, de 46 a\u00f1os y abiertamente gay, le\u00a0hab\u00eda sido diagnosticado un mes antes infecci\u00f3n por VIH. El Observatorio Contra la Homofobia (OCH), Gais [&hellip;]<\/p>\n","protected":false},"author":3,"featured_media":6177,"comment_status":"open","ping_status":"open","sticky":false,"template":"","format":"standard","meta":{"footnotes":""},"categories":[57],"tags":[],"class_list":["post-6174","post","type-post","status-publish","format-standard","has-post-thumbnail","hentry","category-mundo-gay"],"_links":{"self":[{"href":"https:\/\/2horizontes.com\/index.php?rest_route=\/wp\/v2\/posts\/6174","targetHints":{"allow":["GET"]}}],"collection":[{"href":"https:\/\/2horizontes.com\/index.php?rest_route=\/wp\/v2\/posts"}],"about":[{"href":"https:\/\/2horizontes.com\/index.php?rest_route=\/wp\/v2\/types\/post"}],"author":[{"embeddable":true,"href":"https:\/\/2horizontes.com\/index.php?rest_route=\/wp\/v2\/users\/3"}],"replies":[{"embeddable":true,"href":"https:\/\/2horizontes.com\/index.php?rest_route=%2Fwp%2Fv2%2Fcomments&post=6174"}],"version-history":[{"count":3,"href":"https:\/\/2horizontes.com\/index.php?rest_route=\/wp\/v2\/posts\/6174\/revisions"}],"predecessor-version":[{"id":6270,"href":"https:\/\/2horizontes.com\/index.php?rest_route=\/wp\/v2\/posts\/6174\/revisions\/6270"}],"wp:featuredmedia":[{"embeddable":true,"href":"https:\/\/2horizontes.com\/index.php?rest_route=\/wp\/v2\/media\/6177"}],"wp:attachment":[{"href":"https:\/\/2horizontes.com\/index.php?rest_route=%2Fwp%2Fv2%2Fmedia&parent=6174"}],"wp:term":[{"taxonomy":"category","embeddable":true,"href":"https:\/\/2horizontes.com\/index.php?rest_route=%2Fwp%2Fv2%2Fcategories&post=6174"},{"taxonomy":"post_tag","embeddable":true,"href":"https:\/\/2horizontes.com\/index.php?rest_route=%2Fwp%2Fv2%2Ftags&post=6174"}],"curies":[{"name":"wp","href":"https:\/\/api.w.org\/{rel}","templated":true}]}}