{"id":61720,"date":"2017-01-12T13:21:55","date_gmt":"2017-01-12T12:21:55","guid":{"rendered":"http:\/\/2horizontes.com\/?p=61720"},"modified":"2017-01-12T13:21:55","modified_gmt":"2017-01-12T12:21:55","slug":"investigan-el-suicido-de-una-nina-de-murcia-tras-un-supuesto-caso-de-acoso-escolar","status":"publish","type":"post","link":"https:\/\/2horizontes.com\/?p=61720","title":{"rendered":"Investigan el suicido de una ni\u00f1a de Murcia tras un supuesto caso de acoso escolar"},"content":{"rendered":"<p>La Polic\u00eda Nacional investiga el suicidio de una ni\u00f1a de trece a\u00f1os de Murcia, presunta v\u00edctima de acoso escolar, que se quit\u00f3 la vida en la tarde del pasado martes en su domicilio de la pedan\u00eda de Aljucer, han informado fuentes policiales.<\/p>\n<p>El Grupo de Menores de la Polic\u00eda se ha hecho cargo de este caso e iniciar\u00e1 en las pr\u00f3ximas horas la toma de declaraciones en el entorno familiar de la peque\u00f1a, as\u00ed como entre sus compa\u00f1eros y profesores del instituto de secundaria Francisco Cascales de Murcia, donde estudiaba este curso y al que lleg\u00f3 procedente del centro Ingeniero Juan de la Cierva, de Pati\u00f1o.<\/p>\n<p>Podr\u00eda haber sido acosada desde el colegio<\/p>\n<p>Seg\u00fan las fuentes, la Polic\u00eda no ten\u00eda constancia hasta el fallecimiento de que existiera acoso escolar porque no se hab\u00eda presentado ninguna denuncia en comisar\u00eda, aunque, seg\u00fan publica el diario La Opini\u00f3n, el acoso se ven\u00eda produciendo desde antes de llegar al instituto.<\/p>\n<p>Seg\u00fan esta informaci\u00f3n, la ni\u00f1a \u201cse ve\u00eda fea y gorda, que es lo que le dec\u00edan\u201d, lamentaba ayer una prima de la difunta. La ni\u00f1a ser\u00e1 incinerada hoy en el tanatorio Arcoiris de la capital murciana.<\/p>\n","protected":false},"excerpt":{"rendered":"<p>La Polic\u00eda Nacional investiga el suicidio de una ni\u00f1a de trece a\u00f1os de Murcia, presunta v\u00edctima de acoso escolar, que se quit\u00f3 la vida en la tarde del pasado martes en su domicilio de la pedan\u00eda de Aljucer, han informado fuentes policiales. El Grupo de Menores de la Polic\u00eda se ha hecho cargo de este [&hellip;]<\/p>\n","protected":false},"author":3,"featured_media":61721,"comment_status":"open","ping_status":"open","sticky":false,"template":"","format":"standard","meta":{"footnotes":""},"categories":[85],"tags":[],"class_list":["post-61720","post","type-post","status-publish","format-standard","has-post-thumbnail","hentry","category-espana"],"_links":{"self":[{"href":"https:\/\/2horizontes.com\/index.php?rest_route=\/wp\/v2\/posts\/61720","targetHints":{"allow":["GET"]}}],"collection":[{"href":"https:\/\/2horizontes.com\/index.php?rest_route=\/wp\/v2\/posts"}],"about":[{"href":"https:\/\/2horizontes.com\/index.php?rest_route=\/wp\/v2\/types\/post"}],"author":[{"embeddable":true,"href":"https:\/\/2horizontes.com\/index.php?rest_route=\/wp\/v2\/users\/3"}],"replies":[{"embeddable":true,"href":"https:\/\/2horizontes.com\/index.php?rest_route=%2Fwp%2Fv2%2Fcomments&post=61720"}],"version-history":[{"count":1,"href":"https:\/\/2horizontes.com\/index.php?rest_route=\/wp\/v2\/posts\/61720\/revisions"}],"predecessor-version":[{"id":61722,"href":"https:\/\/2horizontes.com\/index.php?rest_route=\/wp\/v2\/posts\/61720\/revisions\/61722"}],"wp:featuredmedia":[{"embeddable":true,"href":"https:\/\/2horizontes.com\/index.php?rest_route=\/wp\/v2\/media\/61721"}],"wp:attachment":[{"href":"https:\/\/2horizontes.com\/index.php?rest_route=%2Fwp%2Fv2%2Fmedia&parent=61720"}],"wp:term":[{"taxonomy":"category","embeddable":true,"href":"https:\/\/2horizontes.com\/index.php?rest_route=%2Fwp%2Fv2%2Fcategories&post=61720"},{"taxonomy":"post_tag","embeddable":true,"href":"https:\/\/2horizontes.com\/index.php?rest_route=%2Fwp%2Fv2%2Ftags&post=61720"}],"curies":[{"name":"wp","href":"https:\/\/api.w.org\/{rel}","templated":true}]}}