{"id":61713,"date":"2017-01-11T22:42:37","date_gmt":"2017-01-11T21:42:37","guid":{"rendered":"http:\/\/2horizontes.com\/?p=61713"},"modified":"2017-01-11T22:42:37","modified_gmt":"2017-01-11T21:42:37","slug":"detenidos-los-padres-de-un-nino-tetraplejico-acusados-de-intentar-abandonarlo-en-el-hospital-de-ceuta","status":"publish","type":"post","link":"https:\/\/2horizontes.com\/?p=61713","title":{"rendered":"Detenidos los padres de un ni\u00f1o tetrapl\u00e9jico acusados de intentar abandonarlo en el Hospital de Ceuta"},"content":{"rendered":"<p>Agentes de la Jefatura Superior de la Polic\u00eda Nacional de Ceuta han detenido y puesto a disposici\u00f3n judicial a los padres de un ni\u00f1o de ocho a\u00f1os tetrapl\u00e9jico que el viernes pasado intentaron abandonarlo con s\u00edntomas de deshidrataci\u00f3n y malnutrici\u00f3n en el Hospital Universitario de la ciudad aut\u00f3noma.<\/p>\n<p>El personal sanitario alert\u00f3 a los agentes de la intenci\u00f3n de los arrestados, un var\u00f3n y una mujer de 51 y 23 a\u00f1os de edad, respectivamente, ambos de nacionalidad marroqu\u00ed, que ya han sido puestos en libertad, seg\u00fan ha informado este martes la Jefatura en un comunicado a los medios.<\/p>\n<p>El personal sanitario alert\u00f3 a la polic\u00eda de la intenci\u00f3n de los padres<\/p>\n<p>Los funcionarios del Hospital explicaron a los agentes que la pareja hab\u00eda llevado a Urgencias al peque\u00f1o tetrapl\u00e9jico con s\u00edntomas de mala nutrici\u00f3n y deshidrataci\u00f3n.<\/p>\n<p>Al ser informados de la patolog\u00eda cr\u00f3nica del ni\u00f1o, sus padres mostraron su intenci\u00f3n de marcharse y dejarlo solo \u00abpor el temor del padre a perder su actual trabajo y al tener la madre que atender al resto de la familia\u00bb.<\/p>\n<p>A ambos se les imputa un presunto delito contra los derechos y deberes familiares. El Servicio de Atenci\u00f3n a la Familia (SAF) de la Jefatura y la Fiscal\u00eda de Menores se han hecho cargo de la situaci\u00f3n del ni\u00f1o.<\/p>\n","protected":false},"excerpt":{"rendered":"<p>Agentes de la Jefatura Superior de la Polic\u00eda Nacional de Ceuta han detenido y puesto a disposici\u00f3n judicial a los padres de un ni\u00f1o de ocho a\u00f1os tetrapl\u00e9jico que el viernes pasado intentaron abandonarlo con s\u00edntomas de deshidrataci\u00f3n y malnutrici\u00f3n en el Hospital Universitario de la ciudad aut\u00f3noma. El personal sanitario alert\u00f3 a los agentes [&hellip;]<\/p>\n","protected":false},"author":3,"featured_media":61714,"comment_status":"open","ping_status":"open","sticky":false,"template":"","format":"standard","meta":{"footnotes":""},"categories":[85],"tags":[],"class_list":["post-61713","post","type-post","status-publish","format-standard","has-post-thumbnail","hentry","category-espana"],"_links":{"self":[{"href":"https:\/\/2horizontes.com\/index.php?rest_route=\/wp\/v2\/posts\/61713","targetHints":{"allow":["GET"]}}],"collection":[{"href":"https:\/\/2horizontes.com\/index.php?rest_route=\/wp\/v2\/posts"}],"about":[{"href":"https:\/\/2horizontes.com\/index.php?rest_route=\/wp\/v2\/types\/post"}],"author":[{"embeddable":true,"href":"https:\/\/2horizontes.com\/index.php?rest_route=\/wp\/v2\/users\/3"}],"replies":[{"embeddable":true,"href":"https:\/\/2horizontes.com\/index.php?rest_route=%2Fwp%2Fv2%2Fcomments&post=61713"}],"version-history":[{"count":1,"href":"https:\/\/2horizontes.com\/index.php?rest_route=\/wp\/v2\/posts\/61713\/revisions"}],"predecessor-version":[{"id":61715,"href":"https:\/\/2horizontes.com\/index.php?rest_route=\/wp\/v2\/posts\/61713\/revisions\/61715"}],"wp:featuredmedia":[{"embeddable":true,"href":"https:\/\/2horizontes.com\/index.php?rest_route=\/wp\/v2\/media\/61714"}],"wp:attachment":[{"href":"https:\/\/2horizontes.com\/index.php?rest_route=%2Fwp%2Fv2%2Fmedia&parent=61713"}],"wp:term":[{"taxonomy":"category","embeddable":true,"href":"https:\/\/2horizontes.com\/index.php?rest_route=%2Fwp%2Fv2%2Fcategories&post=61713"},{"taxonomy":"post_tag","embeddable":true,"href":"https:\/\/2horizontes.com\/index.php?rest_route=%2Fwp%2Fv2%2Ftags&post=61713"}],"curies":[{"name":"wp","href":"https:\/\/api.w.org\/{rel}","templated":true}]}}