{"id":61668,"date":"2017-01-10T21:37:22","date_gmt":"2017-01-10T20:37:22","guid":{"rendered":"http:\/\/2horizontes.com\/?p=61668"},"modified":"2017-01-10T21:37:22","modified_gmt":"2017-01-10T20:37:22","slug":"por-que-espana-se-ha-salvado-de-la-ola-de-frio-siberiano-que-azota-europa","status":"publish","type":"post","link":"https:\/\/2horizontes.com\/?p=61668","title":{"rendered":"Por qu\u00e9 Espa\u00f1a se ha salvado de la ola de fr\u00edo siberiano que azota Europa"},"content":{"rendered":"<h2 class=\"articulo-subtitulo\">La suma del anticicl\u00f3n del Atl\u00e1ntico en superficie con una dorsal en niveles m\u00e1s altos de la atm\u00f3sfera ha bloqueado la llegada de las masas fr\u00edas<\/h2>\n<p>\u00bfPor qu\u00e9 pa\u00edses mediterr\u00e1neos del entorno de Espa\u00f1a como Italia llevan\u00a0varios d\u00edas en alerta roja por una ola de fr\u00edo polar con hasta 17 grados bajo cero y aqu\u00ed se vive una situaci\u00f3n meteorol\u00f3gica normal para esta \u00e9poca del a\u00f1o? \u00abLa explicaci\u00f3n es muy sencilla. Nos ha salvado el anticicl\u00f3n del Atl\u00e1ntico, que es el que lleva varias semanas instalado en Espa\u00f1a y el que produce las nieblas y los cielos despejados que tenemos por ejemplo hoy\u00bb, responde Alejandro Roa, portavoz de la Agencia Estatal de Meteorolog\u00eda (Aemet).<\/p>\n<div id=\"elpais_gpt-INTEXT\" data-google-query-id=\"CMaEmLW2uNECFc6adwodplECMg\"><\/div>\n<p>Dicho anticicl\u00f3n es el conocido popularmente como el de las Azores. \u00abEst\u00e1 todo el a\u00f1o en el Atl\u00e1ntico, unas veces m\u00e1s al norte y otras m\u00e1s al sur, ahora se encuentra centrado al norte de las Azores\u00bb, precisa el meteor\u00f3logo. Adem\u00e1s de esta \u00absituaci\u00f3n de anticicl\u00f3n o altas presiones en superficie tenemos una dorsal en niveles m\u00e1s altos de la atm\u00f3sfera, lo que ha bloqueado la llegada de estas masas fr\u00edas del norte de Europa desde la semana pasada\u00bb.<\/p>\n<div class=\"teads-inread\">\u00a0M\u00c1S INFORMACI\u00d3N<\/div>\n<section id=\"sumario_1|apoyos\" class=\"sumario_apoyos derecha\">\n<div class=\"sumario__interior\">\n<div class=\"sumario-texto\">\n<div class=\"apoyos\">\n<ul class=\"apoyos-listado\">\n<li class=\"apoyo_ apoyo_sinfoto\"><span class=\"apoyo-titulo\">M\u00e1s de 80 muertos en 10 pa\u00edses de Europa por el temporal de fr\u00edo<\/span><\/li>\n<li class=\"apoyo_ apoyo_sinfoto\"><span class=\"apoyo-titulo\">La persistencia de la ola de fr\u00edo en Europa eleva a\u00fan m\u00e1s la alerta para los refugiados<\/span><\/li>\n<\/ul>\n<\/div>\n<\/div>\n<\/div>\n<\/section>\n<p>Pero este descuelgue de la masa fr\u00eda del norte de Europa s\u00ed que ha afectado \u00abun poquito de refil\u00f3n\u00bb a Espa\u00f1a, ya que su borde ha llevado \u00abun poco de viento fuerte\u00bb a Baleares y a la zona del Ampurd\u00e1n catal\u00e1n.<\/p>\n<p>\u00abLa masa fr\u00eda o borrasca ha llegado incluso a Italia, aunque sobre todo ha golpeado a los Balcanes, mientras que Espa\u00f1a ha quedado m\u00e1s alejada\u00bb, describe el meteor\u00f3logo, que explica que lo peor ha pasado pero que a\u00fan quedan los \u00faltimos coletazos. \u00abEntre el jueves o viernes se habr\u00e1 retirado del todo y las temperaturas, aunque bajas, ser\u00e1n normales para la zona\u00bb, precisa.<\/p>\n<p>La ola de fr\u00edo ha dejado temperaturas \u00ab20 grados m\u00e1s bajas\u00bb de lo habitual en Ruman\u00eda, Polonia y en general todo el este de Europa e \u00abincluso en Creta\u00bb. \u00abEn sitios en los que normalmente habr\u00eda entre 5 y 10 grados bajo cero se ha llegado a entre 25 y 30\u00bb, a\u00f1ade Roa.<\/p>\n<p>En Espa\u00f1a en lo que llevamos de invierno la m\u00ednima ha estado en 10\/12 bajo cero en zonas altas o en las mesetas, que \u00abno son excepcionales\u00bb para esta \u00e9poca del a\u00f1o. \u00abLas nieblas s\u00ed han sido muy significativas, sobre todo muy destacadas en el Ebro y la meseta norte\u00bb.<\/p>\n<p>Este martes, no hay ninguna provincia espa\u00f1ola en alerta por fr\u00edo y por nieve solo tres, Huesca, Navarra y Lleida, donde el aviso es naranja (segundo grado de los tres existentes) y se espera una acumulaci\u00f3n de 20 cent\u00edmetros de nieve por encima de los 1.200 metros en el Pirineo de las dos primeras provincias y de los 1.000 metros en el Valle de Ar\u00e1n. En\u00a0Estambul, por ejemplo, la nevada ha sido de medio metro y en Bulgaria, de uno.<\/p>\n<p>Para enero y febrero, a Espa\u00f1a le esperan \u00abtemperaturas algo superiores a las normales\u00bb (se usa como referencia el periodo de 20 a\u00f1os que va de 1981 a 2010) y lluvias \u00absuperiores\u00bb en la mitad oriental y en Baleares, mientras que en la mitad occidental y Canarias, dentro de lo normal. Es decir, un invierno c\u00e1lido y algo m\u00e1s lluvioso en el este.<\/p>\n","protected":false},"excerpt":{"rendered":"<p>La suma del anticicl\u00f3n del Atl\u00e1ntico en superficie con una dorsal en niveles m\u00e1s altos de la atm\u00f3sfera ha bloqueado la llegada de las masas fr\u00edas \u00bfPor qu\u00e9 pa\u00edses mediterr\u00e1neos del entorno de Espa\u00f1a como Italia llevan\u00a0varios d\u00edas en alerta roja por una ola de fr\u00edo polar con hasta 17 grados bajo cero y aqu\u00ed [&hellip;]<\/p>\n","protected":false},"author":1,"featured_media":61669,"comment_status":"open","ping_status":"open","sticky":false,"template":"","format":"standard","meta":{"footnotes":""},"categories":[85,86],"tags":[],"class_list":["post-61668","post","type-post","status-publish","format-standard","has-post-thumbnail","hentry","category-espana","category-europa"],"_links":{"self":[{"href":"https:\/\/2horizontes.com\/index.php?rest_route=\/wp\/v2\/posts\/61668","targetHints":{"allow":["GET"]}}],"collection":[{"href":"https:\/\/2horizontes.com\/index.php?rest_route=\/wp\/v2\/posts"}],"about":[{"href":"https:\/\/2horizontes.com\/index.php?rest_route=\/wp\/v2\/types\/post"}],"author":[{"embeddable":true,"href":"https:\/\/2horizontes.com\/index.php?rest_route=\/wp\/v2\/users\/1"}],"replies":[{"embeddable":true,"href":"https:\/\/2horizontes.com\/index.php?rest_route=%2Fwp%2Fv2%2Fcomments&post=61668"}],"version-history":[{"count":1,"href":"https:\/\/2horizontes.com\/index.php?rest_route=\/wp\/v2\/posts\/61668\/revisions"}],"predecessor-version":[{"id":61670,"href":"https:\/\/2horizontes.com\/index.php?rest_route=\/wp\/v2\/posts\/61668\/revisions\/61670"}],"wp:featuredmedia":[{"embeddable":true,"href":"https:\/\/2horizontes.com\/index.php?rest_route=\/wp\/v2\/media\/61669"}],"wp:attachment":[{"href":"https:\/\/2horizontes.com\/index.php?rest_route=%2Fwp%2Fv2%2Fmedia&parent=61668"}],"wp:term":[{"taxonomy":"category","embeddable":true,"href":"https:\/\/2horizontes.com\/index.php?rest_route=%2Fwp%2Fv2%2Fcategories&post=61668"},{"taxonomy":"post_tag","embeddable":true,"href":"https:\/\/2horizontes.com\/index.php?rest_route=%2Fwp%2Fv2%2Ftags&post=61668"}],"curies":[{"name":"wp","href":"https:\/\/api.w.org\/{rel}","templated":true}]}}