{"id":61665,"date":"2017-01-10T21:31:23","date_gmt":"2017-01-10T20:31:23","guid":{"rendered":"http:\/\/2horizontes.com\/?p=61665"},"modified":"2017-01-10T21:31:23","modified_gmt":"2017-01-10T20:31:23","slug":"nepotismo-conflicto-de-interes-las-dudas-que-genera-el-nombramiento-del-yerno-de-trump-jared-kushner-como-asesor-presidencial-en-ee-uu","status":"publish","type":"post","link":"https:\/\/2horizontes.com\/?p=61665","title":{"rendered":"\u00bfNepotismo? \u00bfConflicto de inter\u00e9s? Las dudas que genera el nombramiento del yerno de Trump, Jared Kushner, como asesor presidencial en EE.UU."},"content":{"rendered":"<p class=\"story-body__introduction\">Jared Kushner tiene 35 a\u00f1os, es inversor inmobiliario y carece de experiencia gubernamental. Pero en unos d\u00edas entrar\u00e1 a la Casa Blanca nada menos que como un poderoso asesor de su suegro, Donald Trump, el presidente electo de Estados Unidos.<\/p>\n<p>El propio Trump confirm\u00f3 el nombramiento de Kushner este lunes, en un comunicado donde mencion\u00f3 por el nombre de pila a su yerno, <strong>casado con su hija Ivanka<\/strong> desde 2009.<\/p>\n<p>\u00abJared ha sido un activo tremendo y un asesor de confianza durante la campa\u00f1a y la transici\u00f3n y estoy orgulloso de tenerlo en <strong>una funci\u00f3n clave de liderazgo en mi administraci\u00f3n<\/strong>\u00ab, sostuvo Trump, que iniciar\u00e1 su mandato el 20 de enero.<\/p>\n<p>La noticia se esperaba de antemano, debido a la relaci\u00f3n cercana que el presidente electo tiene con Kushner, tal vez m\u00e1s estrecha que con cualquier otro integrante de su entorno.<\/p>\n<ul class=\"story-body__unordered-list\">\n<li class=\"story-body__list-item\">Qui\u00e9n es Jared Kushner, el yerno de Trump que apunta a ser la mano derecha del presidente electo de EE.UU.<\/li>\n<\/ul>\n<p>Pero por m\u00e1s previsible que fuera, el nombramiento plantea preguntas delicadas para cualquier presidente, en particular para el magnate Trump: \u00bfSe trata de nepotismo? \u00bfHay conflicto de inter\u00e9s?<\/p>\n<h2 class=\"story-body__crosshead\">\u00abComplicado\u00bb<\/h2>\n<p>En EE.UU. existe una <strong>ley anti-nepotismo<\/strong> que proh\u00edbe a cualquier funcionario p\u00fablico promover a parientes \u00aba una posici\u00f3n civil en la agencia en que est\u00e1 sirviendo o sobre la cual ejerce jurisdicci\u00f3n o control\u00bb.<\/p>\n<figure class=\"media-portrait has-caption full-width\"><span class=\"image-and-copyright-container\"><img loading=\"lazy\" decoding=\"async\" class=\"responsive-image__img js-image-replace\" src=\"http:\/\/ichef.bbci.co.uk\/news\/624\/cpsprodpb\/15809\/production\/_93337088_gettyimages-74932531.jpg\" alt=\"John F. Kennedy y Robert Kennedy.\" width=\"1012\" height=\"1024\" data-highest-encountered-width=\"624\" \/><span class=\"off-screen\">Derechos de autor de la imagen<\/span><span class=\"story-image-copyright\">GETTY IMAGES<\/span><\/span><figcaption class=\"media-caption\"><span class=\"off-screen\">Image caption<\/span><span class=\"media-caption__text\">John F. Kennedy nombr\u00f3 a su hermano Robert como fiscal general de EE.UU.<\/span><\/figcaption><\/figure>\n<p>Se cree que esta norma, promulgada por el presidente Lyndon Johnson en 1967, fue una reacci\u00f3n a la decisi\u00f3n de su antecesor John F. Kennedy de nombrar a su hermano fiscal general.<\/p>\n<p>James Campbell, un profesor distinguido de ciencia pol\u00edtica en la Universidad de B\u00fafalo, Nueva York, dijo que el nombramiento de parientes por parte de presidentes <strong>\u00abno es una pr\u00e1ctica est\u00e1ndar o com\u00fan\u00bb, pero tiene precedentes.<\/strong><\/p>\n<p>Adem\u00e1s de citar el caso de Kennedy, record\u00f3 que la candidata presidencial dem\u00f3crata derrotada por Trump en noviembre, <strong>Hillary Clinton<\/strong>, fue designada en los a\u00f1os 1990 por su esposo, el entonces presidente Bill Clinton, para impulsar una reforma de salud p\u00fablica.<\/p>\n<p>\u00abLos presidentes miran a <strong>aquellos en cuyo juicio conf\u00edan<\/strong> para buscar consejo, y un reconocimiento formal de eso se requiere para que tengan acceso al mismo tipo de informaci\u00f3n que tiene el presidente\u00bb, se\u00f1al\u00f3 Campbell a BBC Mundo.<\/p>\n<p>\u00abSe vuelve complicado porque las relaciones personales se entrelazan con las relaciones profesionales\u00bb, agreg\u00f3.<\/p>\n<figure class=\"media-landscape has-caption full-width\"><span class=\"image-and-copyright-container\"><img loading=\"lazy\" decoding=\"async\" class=\"responsive-image__img js-image-replace\" src=\"http:\/\/ichef.bbci.co.uk\/news\/624\/cpsprodpb\/2371\/production\/_93337090_gettyimages-51604912.jpg\" alt=\"Hillary y Bill Clinton.\" width=\"976\" height=\"549\" data-highest-encountered-width=\"624\" \/><span class=\"off-screen\">Derechos de autor de la imagen<\/span><span class=\"story-image-copyright\">GETTY IMAGES<\/span><\/span><figcaption class=\"media-caption\"><span class=\"off-screen\">Image caption<\/span><span class=\"media-caption__text\">En los 90, Bill Clinton pidi\u00f3 a su esposa, Hillary, que impulsara una reforma de salud.<\/span><\/figcaption><\/figure>\n<p>Sin embargo, la pregunta clave en el caso de Kushner es <strong>si la ley anti-nepotismo es aplicable para puestos en la Casa Blanca.<\/strong><\/p>\n<p>Miembros del equipo de Trump han negado que lo sea, argumentando que la norma se refiere a \u00abagencias\u00bb gubernamentales.<\/p>\n<ul class=\"story-body__unordered-list\">\n<li class=\"story-body__list-item\">Los Trump: \u00bfqui\u00e9n es qui\u00e9n en la nueva familia presidencial de Estados Unidos?<\/li>\n<\/ul>\n<p>De hecho, cuando los Clinton enfrentaron un juicio por el trabajo de Hillary en la presidencia de su esposo, una corte expres\u00f3 dudas de que el esp\u00edritu de la ley comprendiera tambi\u00e9n a la Casa Blanca.<\/p>\n<p>Pero Kushner y Trump probablemente tendr\u00e1n que enfrentar<strong> sus propios retos legales.<\/strong><\/p>\n<p>Miembros dem\u00f3cratas del comit\u00e9 judicial de la C\u00e1mara de Representantes pidieron este lunes al Departamento de Justicia y a la Oficina de Etica Gubernamental \u00abrevisar las preocupaciones de nepotismo y conflictos de inter\u00e9s\u00bb que surgen del nombramiento del yerno del presidente electo.<\/p>\n<h2 class=\"story-body__crosshead\">La ley y la \u00e9tica<\/h2>\n<p>En EE.UU. hay adem\u00e1s normas \u00e9ticas que impiden a funcionarios de gobierno beneficiarse de negocios.<\/p>\n<p>Esto tambi\u00e9n es importante, ya que Kushner, un jud\u00edo ortodoxo que ha estado pol\u00edticamente m\u00e1s cerca de los dem\u00f3cratas que de los republicanos, pertenece a <strong>una familia con vastos intereses y negocios inmobiliarios.<\/strong><\/p>\n<figure class=\"media-landscape has-caption full-width\"><span class=\"image-and-copyright-container\"><img loading=\"lazy\" decoding=\"async\" class=\"responsive-image__img js-image-replace\" src=\"http:\/\/ichef.bbci.co.uk\/news\/624\/cpsprodpb\/AB61\/production\/_93337834_cd67dca1-ae6f-4856-bd2f-cb196a9fc00f.jpg\" alt=\"Jared Kushner e Ivanka Trump\" width=\"976\" height=\"549\" data-highest-encountered-width=\"624\" \/><span class=\"off-screen\">Derechos de autor de la imagen<\/span><span class=\"story-image-copyright\">REUTERS<\/span><\/span><figcaption class=\"media-caption\"><span class=\"off-screen\">Image caption<\/span><span class=\"media-caption__text\">Kushner est\u00e1 casado con Ivanka Trump desde 2009.<\/span><\/figcaption><\/figure>\n<p>Se prev\u00e9 que su labor en la Casa Blanca abarque una amplia gama de temas: desde cuestiones comerciales hasta asuntos vinculados a Israel y Oriente Medio, pasando por acuerdos entre el gobierno y el sector privado.<\/p>\n<p>La abogada de Kushner, Jamie Gorelick, indic\u00f3 que <strong>si su cliente entra a la Casa Blanca renunciar\u00e1 a los negocios de su familia<\/strong>, se librar\u00eda de algunos de sus activos dentro y fuera del pa\u00eds, y evitar\u00eda cobrar un salario.<\/p>\n<p>Tambi\u00e9n se\u00f1al\u00f3 que Kushner ya realiz\u00f3 consultas con la Oficina de Etica Gubernamental, lo que demuestra que preve\u00eda los cuestionamientos a su nombramiento.<\/p>\n<p>Pero eso parece aun lejos de eliminar las dudas sobre c\u00f3mo su poder podr\u00eda <strong>eventualmente beneficiar a los negocios de su familia<\/strong>, en los que asumir\u00eda un papel m\u00e1s activo su padre, un desarrollista inmobiliario que fue condenado por evasi\u00f3n fiscal.<\/p>\n<p>El diario <i>The New York Times<\/i> revel\u00f3 que el 16 de noviembre, tras la elecci\u00f3n de Trump, Kushner particip\u00f3 de un encuentro con el ejecutivo de una firma china con v\u00ednculos cercanos al gobierno de Pek\u00edn, con el cual estaba cerrando un negocio en Nueva York.<\/p>\n<figure class=\"media-landscape has-caption full-width\"><span class=\"image-and-copyright-container\"><img loading=\"lazy\" decoding=\"async\" class=\"responsive-image__img js-image-replace\" src=\"http:\/\/ichef.bbci.co.uk\/news\/624\/cpsprodpb\/F981\/production\/_93337836_0ce7e978-866b-4b22-8754-35696e3113de.jpg\" alt=\"Donald Trump habla mientras Jared Kushner y su hija Ivanka observan.\" width=\"976\" height=\"549\" data-highest-encountered-width=\"624\" \/><span class=\"off-screen\">Derechos de autor de la imagen<\/span><span class=\"story-image-copyright\">REUTERS<\/span><\/span><figcaption class=\"media-caption\"><span class=\"off-screen\">Image caption<\/span><span class=\"media-caption__text\">Los posibles conflictos de inter\u00e9s del propio Trump todav\u00eda no han sido completamente resueltos.<\/span><\/figcaption><\/figure>\n<p>La noticia del nombramiento de Kushner surge adem\u00e1s en la misma semana que se prev\u00e9 que Trump brinde una conferencia de prensa para explicar c\u00f3mo \u00e9l mismo tomar\u00e1 distancia de la amplia gama de intereses que sus empresas le generan alrededor el mundo.<\/p>\n<p>Tambi\u00e9n en estos d\u00edas, el Senado comienza las <strong>audiencias de confirmaci\u00f3n <\/strong>de las personas nominadas por Trump para integrar su gabinete, algo por lo que no precisa pasar Kushner.<\/p>\n<p>Campbell record\u00f3 que varios de esos nominados tambi\u00e9n presentan potenciales conflictos de inter\u00e9s, por venir de empresas y actividades del sector privado con las cuales llegaron a amasar fortunas.<\/p>\n<p><strong>\u00abLos conflictos de inter\u00e9s deben ser una preocupaci\u00f3n\u00bb<\/strong>, sostuvo el analista, <strong>\u00abm\u00e1s all\u00e1 de si el asesor es un familiar o no del presidente\u00bb.<\/strong><\/p>\n","protected":false},"excerpt":{"rendered":"<p>Jared Kushner tiene 35 a\u00f1os, es inversor inmobiliario y carece de experiencia gubernamental. Pero en unos d\u00edas entrar\u00e1 a la Casa Blanca nada menos que como un poderoso asesor de su suegro, Donald Trump, el presidente electo de Estados Unidos. El propio Trump confirm\u00f3 el nombramiento de Kushner este lunes, en un comunicado donde mencion\u00f3 [&hellip;]<\/p>\n","protected":false},"author":1,"featured_media":61666,"comment_status":"open","ping_status":"open","sticky":false,"template":"","format":"standard","meta":{"footnotes":""},"categories":[40,43],"tags":[],"class_list":["post-61665","post","type-post","status-publish","format-standard","has-post-thumbnail","hentry","category-internacionales","category-politica"],"_links":{"self":[{"href":"https:\/\/2horizontes.com\/index.php?rest_route=\/wp\/v2\/posts\/61665","targetHints":{"allow":["GET"]}}],"collection":[{"href":"https:\/\/2horizontes.com\/index.php?rest_route=\/wp\/v2\/posts"}],"about":[{"href":"https:\/\/2horizontes.com\/index.php?rest_route=\/wp\/v2\/types\/post"}],"author":[{"embeddable":true,"href":"https:\/\/2horizontes.com\/index.php?rest_route=\/wp\/v2\/users\/1"}],"replies":[{"embeddable":true,"href":"https:\/\/2horizontes.com\/index.php?rest_route=%2Fwp%2Fv2%2Fcomments&post=61665"}],"version-history":[{"count":1,"href":"https:\/\/2horizontes.com\/index.php?rest_route=\/wp\/v2\/posts\/61665\/revisions"}],"predecessor-version":[{"id":61667,"href":"https:\/\/2horizontes.com\/index.php?rest_route=\/wp\/v2\/posts\/61665\/revisions\/61667"}],"wp:featuredmedia":[{"embeddable":true,"href":"https:\/\/2horizontes.com\/index.php?rest_route=\/wp\/v2\/media\/61666"}],"wp:attachment":[{"href":"https:\/\/2horizontes.com\/index.php?rest_route=%2Fwp%2Fv2%2Fmedia&parent=61665"}],"wp:term":[{"taxonomy":"category","embeddable":true,"href":"https:\/\/2horizontes.com\/index.php?rest_route=%2Fwp%2Fv2%2Fcategories&post=61665"},{"taxonomy":"post_tag","embeddable":true,"href":"https:\/\/2horizontes.com\/index.php?rest_route=%2Fwp%2Fv2%2Ftags&post=61665"}],"curies":[{"name":"wp","href":"https:\/\/api.w.org\/{rel}","templated":true}]}}