{"id":61662,"date":"2017-01-10T21:27:00","date_gmt":"2017-01-10T20:27:00","guid":{"rendered":"http:\/\/2horizontes.com\/?p=61662"},"modified":"2017-01-10T21:27:00","modified_gmt":"2017-01-10T20:27:00","slug":"estados-unidos-12-momentos-de-la-presidencia-de-barack-obama-que-quedaran-en-la-historia","status":"publish","type":"post","link":"https:\/\/2horizontes.com\/?p=61662","title":{"rendered":"Estados Unidos: 12 momentos de la presidencia de Barack Obama que quedar\u00e1n en la historia"},"content":{"rendered":"<p class=\"story-body__introduction\">Viajes, anuncios, reencuentros, desencuentros, l\u00e1grimas de tristeza y alegr\u00eda&#8230;<\/p>\n<p>Ocho a\u00f1os en la vida de las personas es bastante tiempo y si se es presidente, como lo ha sido Barack Obama, los momentos que quedar\u00e1n en su memoria y en la de muchos son muchos.<\/p>\n<p>Adem\u00e1s de haber sido el primer mandatario negro de EE.UU., Obama gobern\u00f3 durante dos periodos e intentando dejar su marca en la historia del pa\u00eds.<\/p>\n<p><i>En BBC Mundo resumimos 12 momentos <\/i><i>clave <\/i><i>de su gobierno<\/i>.<\/p>\n<h2 class=\"story-body__sub-heading\">1. Toma de posesi\u00f3n<\/h2>\n<figure class=\"media-landscape has-caption full-width\"><span class=\"image-and-copyright-container\"><img loading=\"lazy\" decoding=\"async\" class=\"responsive-image__img js-image-replace\" src=\"http:\/\/ichef.bbci.co.uk\/news\/624\/cpsprodpb\/10C87\/production\/_93334786_gettyimages-84379065.jpg\" alt=\"Barack y Michelle Obama, el d\u00eda de la asunci\u00f3n de la presidencia de EE.UU. en 2009.\" width=\"976\" height=\"549\" data-highest-encountered-width=\"624\" \/><span class=\"off-screen\">Derechos de autor de la imagen<\/span><span class=\"story-image-copyright\">GETTY IMAGES<\/span><\/span><figcaption class=\"media-caption\"><span class=\"off-screen\">Image caption<\/span><span class=\"media-caption__text\">Obama asumi\u00f3 la presidencia el 20 de enero de 2009.<\/span><\/figcaption><\/figure>\n<p>Al mediod\u00eda del martes<strong> 20 de enero<\/strong><strong> de 2009<\/strong> (hora local), en las escalinatas de la fachada oeste del Capitolio, la sede del Congreso, Barack Obama fue juramentado -como marca la tradici\u00f3n- por el presidente de la Corte Suprema de Justicia de Estados Unidos y con la mano en la Biblia, la misma que us\u00f3 Abraham Lincoln.<\/p>\n<p>Se trat\u00f3 de un d\u00eda hist\u00f3rico para el pa\u00eds, ya que Obama se convirti\u00f3 en el primer presidente negro de Estados Unidos. Y asumi\u00f3 frente a una multitud que se concentr\u00f3 en la explanada frente al Congreso.<\/p>\n<h2 class=\"story-body__sub-heading\">2. Guant\u00e1namo<\/h2>\n<figure class=\"media-landscape no-caption full-width\"><span class=\"image-and-copyright-container\"><img loading=\"lazy\" decoding=\"async\" class=\"responsive-image__img js-image-replace alignleft\" src=\"http:\/\/ichef-1.bbci.co.uk\/news\/624\/cpsprodpb\/6AE3\/production\/_93336372_gettyimages-84404297.jpg\" alt=\"Obama firma el cierre de la prisi\u00f3n de Guant\u00e1namo.\" width=\"549\" height=\"549\" data-highest-encountered-width=\"624\" \/><span class=\"off-screen\">Derechos de autor de la imagen<\/span><span class=\"story-image-copyright\">GETTY IMAGES<\/span><\/span><\/figure>\n<p>Obama firm\u00f3 el <strong>22 de enero de 2009<\/strong>una orden ejecutiva para cerrar el centro de detenci\u00f3n en la Bah\u00eda de Guant\u00e1namo, en Cuba.<\/p>\n<p>De esta forma, cumpl\u00eda una promesa de campa\u00f1a de cerrar el campo de prisioneros.<\/p>\n<p>Pero pese a su intenci\u00f3n, y tras ocho a\u00f1os de mandato,<strong> el cierre <\/strong><strong>no se ha producido <\/strong>ante la resistencia del Congreso, con mayor\u00eda republicana, que no autoriz\u00f3 el uso de fondos p\u00fablicos para trasladar a varios presos a otros pa\u00edses.<\/p>\n<ul class=\"story-body__unordered-list\">\n<li class=\"story-body__list-item\">Las muchas veces que Obama prometi\u00f3 cerrar Guant\u00e1namo y no lo pudo cumplir<\/li>\n<\/ul>\n<h2 class=\"story-body__sub-heading\">3. Premio Nobel de la Paz<\/h2>\n<figure class=\"media-landscape has-caption full-width\"><span class=\"image-and-copyright-container\"><img loading=\"lazy\" decoding=\"async\" class=\"responsive-image__img js-image-replace\" src=\"http:\/\/ichef.bbci.co.uk\/news\/624\/cpsprodpb\/10723\/production\/_93336376_gettyimages-95187384.jpg\" alt=\"Obama recibe el premio Nobel de la Paz en 2009\" width=\"4200\" height=\"3107\" data-highest-encountered-width=\"624\" \/><span class=\"off-screen\">Derechos de autor de la imagen<\/span><span class=\"story-image-copyright\">GETTY IMAGES<\/span><\/span><figcaption class=\"media-caption\"><span class=\"off-screen\">Image caption<\/span><span class=\"media-caption__text\">Obama recibi\u00f3 el premio Nobel de la Paz en 2009.<\/span><\/figcaption><\/figure>\n<p>Sin haber cumplido su primer a\u00f1o en el gobierno, Obama fue galardonado con el premio Nobel de la Paz en 2009.<\/p>\n<p>En ese momento era un hombre cargado de simbolismo y una fuente de inspiraci\u00f3n comparable a Martin Luther King, quien obtuvo el mismo galard\u00f3n el mismo d\u00eda, pero 45 a\u00f1os antes.<\/p>\n<p>Claramente, Obama no recibi\u00f3 el Nobel por sus \u00e9xitos. \u00abMis logros son escasos\u00bb, dijo \u00e9l mismo en la ceremonia de entrega del premio.<\/p>\n<p>M\u00e1s bien, el galard\u00f3n le fue entregado por lo que muchos esperaban que pudiera lograr en favor de la paz estando al frente de Estados Unidos.<\/p>\n<ul class=\"story-body__unordered-list\">\n<li class=\"story-body__list-item\">\u00bfGanar\u00eda Obama el premio Nobel de la Paz hoy?<\/li>\n<\/ul>\n<h2 class=\"story-body__sub-heading\">4. La muerte de Osama bin Laden<\/h2>\n<figure class=\"media-landscape has-caption full-width\"><span class=\"image-and-copyright-container\"><img loading=\"lazy\" decoding=\"async\" class=\"responsive-image__img js-image-replace\" src=\"http:\/\/ichef-1.bbci.co.uk\/news\/624\/cpsprodpb\/15AA7\/production\/_93334788_gettyimages-113485155.jpg\" alt=\"Todo el gabinete de Obama observa el momento del ataque de las Fuerzas Especiales de Estados Unidos contra Osama bin Laden.\" width=\"976\" height=\"549\" data-highest-encountered-width=\"624\" \/><span class=\"off-screen\">Derechos de autor de la imagen<\/span><span class=\"story-image-copyright\">THE WHITE HOUSE<\/span><\/span><figcaption class=\"media-caption\"><span class=\"off-screen\">Image caption<\/span><span class=\"media-caption__text\">Obama anunci\u00f3 en 2011 la muerte de Osama bin Laden, quien fuera el cerebro de los ataques a las Torres Gemelas de Nueva York en 2001.<\/span><\/figcaption><\/figure>\n<p>En la foto se puede ver al presidente Obama, al vicepresidente Joe Biden, a la secretaria de Estado Hillary Clinton y a miembros del equipo de seguridad nacional en la Casa Blanca, en Washington, mientras reciben informaci\u00f3n actualizada sobre la misi\u00f3n contra Osama bin Laden, el <strong>1<\/strong><strong>\u00ba<\/strong><strong> de <\/strong><strong>m<\/strong><strong>ayo <\/strong><strong>de <\/strong><strong>2011<\/strong>.<\/p>\n<p>M\u00e1s tarde, Obama anunci\u00f3 en un mensaje por televisi\u00f3n que<strong> Osama bin Laden <\/strong>muri\u00f3 en una operaci\u00f3n dirigida por las fuerzas especiales de Estados Unidos en Abbottabad, Pakist\u00e1n.<\/p>\n<ul class=\"story-body__unordered-list\">\n<li class=\"story-body__list-item\">\u00bfEs falso el relato de EE.UU. sobre la muerte de Bin Laden?<\/li>\n<\/ul>\n<h2 class=\"story-body__sub-heading\">5. Extremismo<\/h2>\n<figure class=\"media-landscape has-caption full-width\"><span class=\"image-and-copyright-container\"><img loading=\"lazy\" decoding=\"async\" class=\"responsive-image__img js-image-replace\" src=\"http:\/\/ichef-1.bbci.co.uk\/news\/624\/cpsprodpb\/15543\/production\/_93336378_gettyimages-456041152.jpg\" alt=\"Obama preside la reuni\u00f3n del Consejo de Seguridad de la ONU en 2014.\" width=\"976\" height=\"549\" data-highest-encountered-width=\"624\" \/><span class=\"off-screen\">Derechos de autor de la imagen<\/span><span class=\"story-image-copyright\">GETTY IMAGES<\/span><\/span><figcaption class=\"media-caption\"><span class=\"off-screen\">Image caption<\/span><span class=\"media-caption__text\">En la reuni\u00f3n del Consejo de Seguridad de la ONU en 2014 se aprob\u00f3 una resoluci\u00f3n para combatir el terrorismo,.<\/span><\/figcaption><\/figure>\n<p><strong>En septiembre de 2014<\/strong>, Obama presidi\u00f3 el Consejo de Seguridad de Naciones Unidas.<\/p>\n<p>All\u00ed se aprob\u00f3 por unanimidad<strong> una resoluci\u00f3n para frenar el flujo de yihadistas extranjeros a Irak y Siria.<\/strong><\/p>\n<p>El documento obligaba a los pa\u00edses a impedir el reclutamiento o la financiaci\u00f3n de combatientes que luego se integrar\u00edan a grupos extremistas como Estado Isl\u00e1mico.<\/p>\n<p>Obama agreg\u00f3 que el desaf\u00edo no pod\u00eda ser enfrentado por una sola naci\u00f3n y que Estado Isl\u00e1mico deb\u00eda ser desarticulado y finalmente destruido.<\/p>\n<ul class=\"story-body__unordered-list\">\n<li class=\"story-body__list-item\">Consejo de Seguridad de la ONU aprueba resoluci\u00f3n contra reclutamiento de yihadistas<\/li>\n<\/ul>\n<h2 class=\"story-body__sub-heading\">6. Matrimonio homosexual<\/h2>\n<figure class=\"media-landscape has-caption full-width\"><span class=\"image-and-copyright-container\"><img loading=\"lazy\" decoding=\"async\" class=\"responsive-image__img js-image-replace\" src=\"http:\/\/ichef-1.bbci.co.uk\/news\/624\/cpsprodpb\/2CC7\/production\/_93336411_gettyimages-478678220.jpg\" alt=\"En 2015, la Casa Blanca se ilumin\u00f3 con el arco\u00edris que representa a la comunidad homosexual.\" width=\"976\" height=\"549\" data-highest-encountered-width=\"624\" \/><span class=\"off-screen\">Derechos de autor de la imagen<\/span><span class=\"story-image-copyright\">GETTY IMAGES<\/span><\/span><figcaption class=\"media-caption\"><span class=\"off-screen\">Image caption<\/span><span class=\"media-caption__text\">En 2015, la Casa Blanca se ilumin\u00f3 con el arco\u00edris que representa a la comunidad homosexual tras la aprobaci\u00f3n del matrimonio igualitario por la Corte Suprema.<\/span><\/figcaption><\/figure>\n<p>En una decisi\u00f3n hist\u00f3rica, el <strong>26 de junio de 2015<\/strong>, la Corte Suprema de Justicia de Estados Unidos fall\u00f3 a favor del matrimonio homosexual en los 50 estados que conforman el pa\u00eds.<\/p>\n<p>Esta decisi\u00f3n lleg\u00f3 luego de que en 2012 el presidente Obama ofreciera su respaldo p\u00fablico a la uni\u00f3n entre personas del mismo sexo, dando m\u00e1s relevancia al tema de cara a las elecciones de noviembre en las cuales fue reelecto.<\/p>\n<ul class=\"story-body__unordered-list\">\n<li class=\"story-body__list-item\">Corte Suprema de EE.UU. declara legal el matrimonio homosexual en todo el pa\u00eds<\/li>\n<\/ul>\n<h2 class=\"story-body__sub-heading\">7. La imagen m\u00e1s retuiteada<\/h2>\n<figure class=\"media-landscape has-caption full-width\"><span class=\"image-and-copyright-container\"><img loading=\"lazy\" decoding=\"async\" class=\"responsive-image__img js-image-replace\" src=\"http:\/\/ichef.bbci.co.uk\/news\/624\/cpsprodpb\/7AE7\/production\/_93336413_gettyimages-150315124.jpg\" alt=\"Abrazo entre Michelle y Barack Obama\" width=\"976\" height=\"549\" data-highest-encountered-width=\"624\" \/><span class=\"off-screen\">Derechos de autor de la imagen<\/span><span class=\"story-image-copyright\">GETTY IMAGES<\/span><\/span><figcaption class=\"media-caption\"><span class=\"off-screen\">Image caption<\/span><span class=\"media-caption__text\">En 2012, el abrazo entre Michelle y Barack Obama fue la imagen m\u00e1s retuiteada de la historia de la red social.<\/span><\/figcaption><\/figure>\n<p>El matrimonio presidencial se abraza despu\u00e9s de un evento de campa\u00f1a en Iowa,el <strong>15 de agosto de 2012<\/strong>.<\/p>\n<p>Esa imagen que fue publicada en Twitter y Facebook cautiv\u00f3 al p\u00fablico y logr\u00f3 una cantidad de \u00abme gusta\u00bb y retuits in\u00e9dito en el mundo en las redes sociales ese a\u00f1o.<\/p>\n<p>A\u00f1os m\u00e1s tarde, reci\u00e9n en 2015, Obama cre\u00f3 una cuenta personal en Twitter que al t\u00e9rmino de su mandato cuenta con m\u00e1s de 80 millones de seguidores.<\/p>\n<h2 class=\"story-body__sub-heading\">8. Acercamiento p\u00fablico<\/h2>\n<figure class=\"media-landscape has-caption full-width\"><span class=\"image-and-copyright-container\"><img loading=\"lazy\" decoding=\"async\" class=\"responsive-image__img js-image-replace\" src=\"http:\/\/ichef-1.bbci.co.uk\/news\/624\/cpsprodpb\/2D2B\/production\/_93336511_hi020293533-reuters.jpg\" alt=\"Obama estrecha la mano con Ra\u00fal Castro en el funeral de Nelson Mandela.\" width=\"976\" height=\"549\" data-highest-encountered-width=\"624\" \/><span class=\"off-screen\">Derechos de autor de la imagen<\/span><span class=\"story-image-copyright\">REUTERS<\/span><\/span><figcaption class=\"media-caption\"><span class=\"off-screen\">Image caption<\/span><span class=\"media-caption__text\">En 2013, Obama y Castro se estrecharon la mano en Sud\u00e1frica en el funeral de Nelson Mandela.<\/span><\/figcaption><\/figure>\n<p>La primera vez que el presidente estadounidense se estrech\u00f3 la mano p\u00fablicamente con su par cubano, Ra\u00fal Castro, fue durante el funeral del exl\u00edder sudafricano Nelson Madela, el<strong> 10 de diciembre de 2013<\/strong>.<\/p>\n<p>Es m\u00e1s: fue la primera vez desde la Revoluci\u00f3n Cubana en 1959 se produjo un saludo p\u00fablico entre los l\u00edderes de Cuba y Estados Unidos, enfrentados durante m\u00e1s de cinco d\u00e9cadas.<\/p>\n<h2 class=\"story-body__sub-heading\">9. L\u00e1grimas<\/h2>\n<figure class=\"media-landscape has-caption full-width\"><span class=\"image-and-copyright-container\"><img loading=\"lazy\" decoding=\"async\" class=\"responsive-image__img js-image-replace\" src=\"http:\/\/ichef.bbci.co.uk\/news\/624\/cpsprodpb\/F017\/production\/_93336416_gettyimages-503451562.jpg\" alt=\"Barack Obama llora.\" width=\"976\" height=\"549\" data-highest-encountered-width=\"624\" \/><span class=\"off-screen\">Derechos de autor de la imagen<\/span><span class=\"story-image-copyright\">GETTY IMAGES<\/span><\/span><figcaption class=\"media-caption\"><span class=\"off-screen\">Image caption<\/span><span class=\"media-caption__text\">Obama no disimula las l\u00e1grimas al hablar del tiroteo en una escuela en Connecticut, en 2012.<\/span><\/figcaption><\/figure>\n<p>Hubo un d\u00eda, a principios de <strong>enero de 2016<\/strong>, que Barack Obama no pudo contener las l\u00e1grimas.<\/p>\n<p>El emotivo momento ocurri\u00f3 cuando el presidente record\u00f3 a la veintena de ni\u00f1os que murieron en el tiroteo ocurrido en la escuela Sandy Hook, de Newtown, Connecticut, en <strong>diciembre de 2012.<\/strong><\/p>\n<p>Mientras muchos criticaron al mandatario, otros calificaron el momento como \u00abpoderoso y leg\u00edtimo\u00bb.<\/p>\n<p>En ese discurso, Obama abog\u00f3 por nuevas medidas para el control de armas en Estados Unidos, pero su idea no ha prosperado.<\/p>\n<ul class=\"story-body__unordered-list\">\n<li class=\"story-body__list-item\">Qu\u00e9 cambia con las nuevas medidas anunciadas por Barack Obama para el control de armas en EE.UU.<\/li>\n<li class=\"story-body__list-item\">Las l\u00e1grimas de Barack Obama al hablar sobre las muertes por armas de fuego en EE.UU.<\/li>\n<\/ul>\n<h2 class=\"story-body__sub-heading\">10. Deshielo con Cuba<\/h2>\n<figure class=\"media-landscape has-caption full-width\"><span class=\"image-and-copyright-container\"><img loading=\"lazy\" decoding=\"async\" class=\"responsive-image__img js-image-replace\" src=\"http:\/\/ichef.bbci.co.uk\/news\/624\/cpsprodpb\/13E37\/production\/_93336418_gettyimages-516833168.jpg\" alt=\"Barack Obama visita Cuba\" width=\"3000\" height=\"2159\" data-highest-encountered-width=\"624\" \/><span class=\"off-screen\">Derechos de autor de la imagen<\/span><span class=\"story-image-copyright\">JOE RAEDLE<\/span><\/span><figcaption class=\"media-caption\"><span class=\"off-screen\">Image caption<\/span><span class=\"media-caption__text\">En una clara se\u00f1al de acercamiento entre Estados Unidos y Cuba, Obama visit\u00f3 la isla en marzo de 2016.<\/span><\/figcaption><\/figure>\n<p>Obama visit\u00f3 La Habana, Cuba, el <strong>21 de marzo de 2016<\/strong>, en el marco del descongelamiento de las relaciones entre ambos pa\u00edses que hab\u00eda empezado un a\u00f1o antes.<\/p>\n<p>Era la primera en casi 90 a\u00f1os que un presidente estadounidense en ejercicio pisaba suelo cubano.<\/p>\n<p>El \u00faltimo hab\u00eda sido es Calvin Coolidge, en enero de 1928.<\/p>\n<ul class=\"story-body__unordered-list\">\n<li class=\"story-body__list-item\">La visita de Obama a Cuba que busca acelerar los cambios de la \u00abposrevoluci\u00f3n\u00bb<\/li>\n<li class=\"story-body__list-item\">Qu\u00e9 busca realmente Barack Obama con su viaje a Cuba<\/li>\n<\/ul>\n<p><strong>11. <\/strong><strong>Hiroshima<\/strong><\/p>\n<figure class=\"media-landscape has-caption full-width\"><span class=\"image-and-copyright-container\"><img loading=\"lazy\" decoding=\"async\" class=\"responsive-image__img js-image-replace\" src=\"http:\/\/ichef-1.bbci.co.uk\/news\/624\/cpsprodpb\/A1F7\/production\/_93336414_gettyimages-534645374.jpg\" alt=\"Obama abraza a Shigeaki Mori, sobreviviente de la bomba at\u00f3mica de Hiroshima en 1945.\" width=\"3000\" height=\"2109\" data-highest-encountered-width=\"624\" \/><span class=\"off-screen\">Derechos de autor de la imagen<\/span><span class=\"story-image-copyright\">GETTY IMAGES<\/span><\/span><figcaption class=\"media-caption\"><span class=\"off-screen\">Image caption<\/span><span class=\"media-caption__text\">Obama abraza a Shigeaki Mori, sobreviviente de la bomba at\u00f3mica de Hiroshima en 1945.<\/span><\/figcaption><\/figure>\n<p>En una visita hist\u00f3rica, Obama viaj\u00f3 a la ciudad japonesa de Hiroshima el <strong>27 de mayo de 2016 <\/strong>para homenajear a las v\u00edctimas del primer ataque nuclear de la historia, realizado por EE.UU. en 1945.<\/p>\n<p>Era la primera vez que un presidente estadounidense en funciones visitaba Hiroshima.<\/p>\n<p>Si bien no pidi\u00f3 perd\u00f3n por las bombas nucleares que EE.UU. lanz\u00f3 sobre esa ciudad y Nagasaki tres d\u00edas despu\u00e9s y que lograron el fin de la Segunda Guerra Mundial, el presidente rindi\u00f3 un homenaje a las v\u00edctimas, e invit\u00f3 a trabajar juntos por un mundo sin armas nucleares.<\/p>\n<ul class=\"story-body__unordered-list\">\n<li class=\"story-body__list-item\">\u00bfPor qu\u00e9 Obama no pidi\u00f3 perd\u00f3n a Jap\u00f3n por el lanzamiento de la bomba at\u00f3mica en Hiroshima?<\/li>\n<\/ul>\n<p><strong>12. <\/strong><strong>Saludo inc\u00f3modo<\/strong><\/p>\n<figure class=\"media-landscape has-caption full-width\"><span class=\"image-and-copyright-container\"><img loading=\"lazy\" decoding=\"async\" class=\"responsive-image__img js-image-replace\" src=\"http:\/\/ichef-1.bbci.co.uk\/news\/624\/cpsprodpb\/C96B\/production\/_93336515_hi036918365.reuters.jpg\" alt=\"Trump saluda a Obama en la Casa Blanca.\" width=\"976\" height=\"549\" data-highest-encountered-width=\"624\" \/><span class=\"off-screen\">Derechos de autor de la imagen<\/span><span class=\"story-image-copyright\">REUTERS<\/span><\/span><figcaption class=\"media-caption\"><span class=\"off-screen\">Image caption<\/span><span class=\"media-caption__text\">El primer encuentro entre el presidente electo, Donald Trump, y el presidente saliente de Estados Unidos, Barack Obama, no fue muy c\u00f3modo seg\u00fan reflejaron las fotos.<\/span><\/figcaption><\/figure>\n<p>El <strong>10 de noviembre de 2016,<\/strong> dos d\u00edas despu\u00e9s de la elecci\u00f3n presidencial de Estados Unidos, el presidente electo, Donald Trump, visit\u00f3 la Casa Blanca.<\/p>\n<p>En ese primer encuentro entre el mandatario saliente y el entrante se produjeron momentos inc\u00f3modos y otros m\u00e1s distendidos que fueron captados por las c\u00e1maras que siguieron la reuni\u00f3n segundo a segundo.<\/p>\n","protected":false},"excerpt":{"rendered":"<p>Viajes, anuncios, reencuentros, desencuentros, l\u00e1grimas de tristeza y alegr\u00eda&#8230; Ocho a\u00f1os en la vida de las personas es bastante tiempo y si se es presidente, como lo ha sido Barack Obama, los momentos que quedar\u00e1n en su memoria y en la de muchos son muchos. Adem\u00e1s de haber sido el primer mandatario negro de EE.UU., [&hellip;]<\/p>\n","protected":false},"author":1,"featured_media":61663,"comment_status":"open","ping_status":"open","sticky":false,"template":"","format":"standard","meta":{"footnotes":""},"categories":[40,43],"tags":[],"class_list":["post-61662","post","type-post","status-publish","format-standard","has-post-thumbnail","hentry","category-internacionales","category-politica"],"_links":{"self":[{"href":"https:\/\/2horizontes.com\/index.php?rest_route=\/wp\/v2\/posts\/61662","targetHints":{"allow":["GET"]}}],"collection":[{"href":"https:\/\/2horizontes.com\/index.php?rest_route=\/wp\/v2\/posts"}],"about":[{"href":"https:\/\/2horizontes.com\/index.php?rest_route=\/wp\/v2\/types\/post"}],"author":[{"embeddable":true,"href":"https:\/\/2horizontes.com\/index.php?rest_route=\/wp\/v2\/users\/1"}],"replies":[{"embeddable":true,"href":"https:\/\/2horizontes.com\/index.php?rest_route=%2Fwp%2Fv2%2Fcomments&post=61662"}],"version-history":[{"count":1,"href":"https:\/\/2horizontes.com\/index.php?rest_route=\/wp\/v2\/posts\/61662\/revisions"}],"predecessor-version":[{"id":61664,"href":"https:\/\/2horizontes.com\/index.php?rest_route=\/wp\/v2\/posts\/61662\/revisions\/61664"}],"wp:featuredmedia":[{"embeddable":true,"href":"https:\/\/2horizontes.com\/index.php?rest_route=\/wp\/v2\/media\/61663"}],"wp:attachment":[{"href":"https:\/\/2horizontes.com\/index.php?rest_route=%2Fwp%2Fv2%2Fmedia&parent=61662"}],"wp:term":[{"taxonomy":"category","embeddable":true,"href":"https:\/\/2horizontes.com\/index.php?rest_route=%2Fwp%2Fv2%2Fcategories&post=61662"},{"taxonomy":"post_tag","embeddable":true,"href":"https:\/\/2horizontes.com\/index.php?rest_route=%2Fwp%2Fv2%2Ftags&post=61662"}],"curies":[{"name":"wp","href":"https:\/\/api.w.org\/{rel}","templated":true}]}}