{"id":61632,"date":"2017-01-10T20:28:10","date_gmt":"2017-01-10T19:28:10","guid":{"rendered":"http:\/\/2horizontes.com\/?p=61632"},"modified":"2017-01-10T20:28:10","modified_gmt":"2017-01-10T19:28:10","slug":"colombia-el-impactante-culto-a-los-muertos-que-existe-en-puerto-berrio","status":"publish","type":"post","link":"https:\/\/2horizontes.com\/?p=61632","title":{"rendered":"Colombia: el impactante culto a los muertos que existe en Puerto Berr\u00edo"},"content":{"rendered":"<div class=\"story-body\">\n<div class=\"story-body__inner\">\n<p class=\"story-body__introduction\">Un pueblo donde la torre de la campana de la iglesia sigue siendo el edificio m\u00e1s alto: Puerto Berr\u00edo, un lugar de fe cat\u00f3lica en un departamento fervoroso -Antioquia-&#8230; En un pa\u00eds de fe: Colombia. Si creen que en toda Colombia, sobre todo en Antioquia, hay un fuerte culto a las almas del purgatorio, esperen a leer sobre Puerto Berr\u00edo.<\/p>\n<p>Ese fervor se puede presenciar cualquier jornada en este caluroso municipio asentado a orillas del r\u00edo Magdalena, pero sobre todo el 2 de noviembre, d\u00eda de los Fieles Difuntos. Ese d\u00eda el cementerio est\u00e1 repleto de vivos que vienen a visitar a los muertos propios y ajenos.<\/p>\n<p>Sentadas sobre una tumba cuchichean dos mujeres j\u00f3venes y una se\u00f1ora mayor, mientras esperan que se sean las 5 de la tarde, cuando comienza la misa para las benditas almas del purgatorio.<\/p>\n<p>Me llaman para charlar.<\/p>\n<figure class=\"media-landscape has-caption full-width\"><span class=\"image-and-copyright-container\"><img loading=\"lazy\" decoding=\"async\" class=\"responsive-image__img js-image-replace\" src=\"http:\/\/ichef.bbci.co.uk\/news\/624\/cpsprodpb\/E604\/production\/_92448885_img_9011.jpg\" alt=\"B\u00f3vedas de NN y otros cuerpos en el cementerio de Puerto Berr\u00edo.\" width=\"976\" height=\"549\" data-highest-encountered-width=\"624\" \/><span class=\"off-screen\">Derechos de autor de la imagen<\/span><span class=\"story-image-copyright\">NATALIO COSOY\/ BBC MUNDO<\/span><\/span><figcaption class=\"media-caption\"><span class=\"off-screen\">Image caption<\/span><span class=\"media-caption__text\">Algunos tienen nombre, otros son NN.<\/span><\/figcaption><\/figure>\n<figure class=\"media-landscape has-caption full-width\"><span class=\"image-and-copyright-container\"><img loading=\"lazy\" decoding=\"async\" class=\"responsive-image__img js-image-replace\" src=\"http:\/\/ichef.bbci.co.uk\/news\/624\/cpsprodpb\/12236\/production\/_92449247_img_9106.jpg\" alt=\"B\u00f3veda\" width=\"976\" height=\"549\" data-highest-encountered-width=\"624\" \/><span class=\"off-screen\">Derechos de autor de la imagen<\/span><span class=\"story-image-copyright\">NATALIO COSOY\/ BBC MUNDO<\/span><\/span><figcaption class=\"media-caption\"><span class=\"off-screen\">Image caption<\/span><span class=\"media-caption__text\">El \u00faltimo cuerpo de la zona de NN.<\/span><\/figcaption><\/figure>\n<p>Las muchachas, Liliana Valencia y Andrea Andrade, son pareja, y Rosalba Santos es una se\u00f1ora que acaban de conocer.<\/p>\n<p>\u00abNos mandaron con el sepulturero de ac\u00e1 y nos dijo &#8216;yo enterr\u00e9 uno pero tal d\u00eda'\u00bb, me dice Liliana. \u00abEntonces como la familia no se dign\u00f3 a venir a &#8216;sepulturarlo&#8217;&#8230; hace poco m\u00e1s de 10 minutos lo acabamos de escoger como para hacerle novenario\u00bb.<\/p>\n<figure class=\"media-portrait has-caption body-narrow-width\"><span class=\"image-and-copyright-container\"><img loading=\"lazy\" decoding=\"async\" class=\"responsive-image__img js-image-replace alignleft\" src=\"http:\/\/ichef.bbci.co.uk\/news\/304\/cpsprodpb\/134F6\/production\/_92449097_img_9067.jpg\" alt=\"Iglesia de Puerto Berr\u00edo\" width=\"412\" height=\"549\" data-highest-encountered-width=\"304\" \/><span class=\"off-screen\">Derechos de autor de la imagen<\/span><span class=\"story-image-copyright\">NATALIO COSOY\/ BBC MUNDO<\/span><\/span><figcaption class=\"media-caption\"><span class=\"off-screen\">Image caption<\/span><span class=\"media-caption__text\">La iglesia sigue siendo el edificio m\u00e1s alto del pueblo.<\/span><\/figcaption><\/figure>\n<p>El novenario es un rezo, en este caso dedicado a los difuntos, que se hace a lo largo de nueve d\u00edas (nueve, novenario, noviembre, todas del lat\u00edn <i>novem<\/i>). Un rezo que no se sabe cu\u00e1nto efecto tiene en los muertos, pero que ciertamente tiene bastante en quienes lo pronuncian.<\/p>\n<p>-\u00abUno le pide a \u00e9l como con esa fe, con esa devoci\u00f3n, que hasta uno por cierto siente como un fr\u00edo. Vea, hasta todav\u00eda me da como \u00abescaramucias\u00bb del fr\u00edo que a uno le da\u00bb. describe Liliana.<\/p>\n<p>-\u00abTu le pediste y tu le ofreciste, as\u00ed es\u00bb, le responde, pedag\u00f3gica y solemne, la se\u00f1ora Rosalba.<\/p>\n<p>-\u00abY si \u00e9l no nos cumple, de todas maneras yo cumplo con lo que le promet\u00ed\u00bb.<\/p>\n<p>-\u00abY yo la apoyar\u00e9\u00bb, remata Andrea Andrade.<\/p>\n<p>Rosalba Santos nunca adopt\u00f3 un muerto ajeno, pero sabe c\u00f3mo se hace: \u00abYo he escuchado que hay que tener mucha fe, ser uno con carisma, como que s\u00ed le va a hablar de verdad, porque si uno dice &#8216;ah, escog\u00ed este NN (cad\u00e1ver sin nombre, sin identificar) y ya&#8217;, no. Hay que pedirle pero hay que prometerle; porque si \u00e9l le da y usted no le da, no lo va a aguantar\u00bb.<\/p>\n<p>\u00bfDarles qu\u00e9? \u00abAl menos un rosario, una misa, algo as\u00ed\u00bb.<\/p>\n<figure class=\"media-landscape has-caption full-width\"><span class=\"image-and-copyright-container\"><img loading=\"lazy\" decoding=\"async\" class=\"responsive-image__img js-image-replace\" src=\"http:\/\/ichef-1.bbci.co.uk\/news\/624\/cpsprodpb\/D3B2\/production\/_92449145_img_9076_byn.jpg\" alt=\"B\u00f3veda con la palabra \" width=\"976\" height=\"549\" data-highest-encountered-width=\"624\" \/><span class=\"off-screen\">Derechos de autor de la imagen<\/span><span class=\"story-image-copyright\">NATALIO COSOY\/ BBC MUNDO<\/span><\/span><figcaption class=\"media-caption\"><span class=\"off-screen\">Image caption<\/span><span class=\"media-caption__text\">Cuando alguien quiere adoptar un NN escribe sobre su b\u00f3veda la palabra \u00abescogido\u00bb.<\/span><\/figcaption><\/figure>\n<figure class=\"media-landscape has-caption full-width\"><span class=\"image-and-copyright-container\"><img loading=\"lazy\" decoding=\"async\" class=\"responsive-image__img js-image-replace\" src=\"http:\/\/ichef.bbci.co.uk\/news\/624\/cpsprodpb\/3772\/production\/_92449141_img_9073.jpg\" alt=\"Placa que agradece los favores.\" width=\"976\" height=\"549\" data-highest-encountered-width=\"624\" \/><span class=\"off-screen\">Derechos de autor de la imagen<\/span><span class=\"story-image-copyright\">NATALIO COSOY\/ BBC MUNDO<\/span><\/span><figcaption class=\"media-caption\"><span class=\"off-screen\">Image caption<\/span><span class=\"media-caption__text\">Una placa agradece a las almas del purgatorio los favores recibidos.<\/span><\/figcaption><\/figure>\n<p>\u00bfY qu\u00e9 le pidieron Liliana y Andrea? No me lo quieren contar, pero me dan a entender que es algo respecto al \u00e9xito de su relaci\u00f3n.<\/p>\n<p>Es que este d\u00eda especial lo comenzaron peleando; fue cuando conocieron a Rosalba, que estaba sentada de casualidad a su lado mientras hac\u00edan un tr\u00e1mite. La mujer, con esp\u00edritu de reconciliadora, puso en su celular una canci\u00f3n de amor. Todas sonr\u00eden c\u00f3mplices cuando me lo cuentan.<\/p>\n<p>Las tres mujeres se volvieron a cruzar otra vez a lo largo del d\u00eda y al final, de tanto encontrarse, decidieron venir juntas al cementerio.<\/p>\n<p>\u00abY estamos como si fu\u00e9ramos amigas de toda la vida\u00bb, dice Liliana.<\/p>\n<p>Fue un d\u00eda extra\u00f1o para ella. \u00bfSer\u00e1 que en los lugares donde la creencia en lo supranatural es fuerte ocurren m\u00e1s cosas extra\u00f1as?<\/p>\n<p>***<\/p>\n<p>La de adoptar muertos ajenos, especialmente NN, aquellos sin nombre, aquellos que llegaron arrastrados por el r\u00edo, muchos v\u00edctimas de muertes violentas en el marco del conflicto interno colombiano de m\u00e1s de medio siglo, es una costumbre que se cree puede darse en otras partes de Colombia, pero Puerto Berr\u00edo es sin duda la capital nacional de esta pr\u00e1ctica.<\/p>\n<p>A Mar\u00eda Dilia Fajardo la encontr\u00e9 rezando frente a las b\u00f3vedas con NN del cementerio del pueblo: \u00abAlmas cautivas rogar a Dios por nosotros que nosotros rogamos por vos Padre Eterno yo te ofrezco por la pasi\u00f3n y muerte Nuestro Se\u00f1or Jesucristo por los dolores de la Sant\u00edsima V\u00edrgen por los de San Jos\u00e9 por nuestros pecados por los pecados del mundo y la libertad de todas estas benditas almas del purgatorio\u00bb.<\/p>\n<p>Escogi\u00f3 a dos NN e hizo que los colocaran en un osario. Los osarios son m\u00e1s peque\u00f1itos que las b\u00f3vedas, pero son permanentes (en las b\u00f3vedas los restos quedan tres a\u00f1os y luego se ponen en bolsas en celda de custodia). Claro, hay que pagarlos. Cuestan 400.000 pesos colombianos, hoy unos US$130. Se ve que estaba agradecida Mar\u00eda Dilia.<\/p>\n<figure class=\"media-landscape has-caption full-width\"><span class=\"image-and-copyright-container\"><img loading=\"lazy\" decoding=\"async\" class=\"responsive-image__img js-image-replace\" src=\"http:\/\/ichef.bbci.co.uk\/news\/624\/cpsprodpb\/37D6\/production\/_92449241_img_9095.jpg\" alt=\"Gente caminando frente a las b\u00f3vedas de NN.\" width=\"976\" height=\"549\" data-highest-encountered-width=\"624\" \/><span class=\"off-screen\">Derechos de autor de la imagen<\/span><span class=\"story-image-copyright\">NATALIO COSOY\/ BBC MUNDO<\/span><\/span><figcaption class=\"media-caption\"><span class=\"off-screen\">Image caption<\/span><span class=\"media-caption__text\">El d\u00eda de los Fieles Difuntos no faltan visitantes a la zona en la que se encuentran los NN.<\/span><\/figcaption><\/figure>\n<figure class=\"media-landscape has-caption full-width\"><span class=\"image-and-copyright-container\"><img loading=\"lazy\" decoding=\"async\" class=\"responsive-image__img js-image-replace alignleft\" src=\"http:\/\/ichef-1.bbci.co.uk\/news\/624\/cpsprodpb\/85F6\/production\/_92449243_img_9101.jpg\" alt=\"Mujer frente a b\u00f3vedas en el cementerio.\" width=\"549\" height=\"549\" data-highest-encountered-width=\"624\" \/><span class=\"off-screen\">Derechos de autor de la imagen<\/span><span class=\"story-image-copyright\">NATALIO COSOY\/ BBC MUNDO<\/span><\/span><figcaption class=\"media-caption\"><span class=\"off-screen\">Image caption<\/span><span class=\"media-caption__text\">Muchas de las tumbas son en b\u00f3veda y osario en Puerto Berr\u00edo.<\/span><\/figcaption><\/figure>\n<p>Y les sigue pidiendo: \u00abTengo uno que en una desesperaci\u00f3n de que el chino, el hijo mayor, se me iba a torcer, y tal cosa, y lo escog\u00ed y se lo puse como de \u00e1ngel de la guarda. Y cada vez que \u00e9l est\u00e1 desempleado, o tal cosa, voy, lo toco: &#8216;\u00bfQuihubo, pues? Que usted es el \u00e1ngel de la guarda, \u00e9chelo pa&#8217;lante y prot\u00e9jamelo de todo mal y peligro\u00bb.<\/p>\n<p>En general la gente les pide favores de este tipo, piden por trabajo, salud, que le cuiden a familiares. Piden por dinero. Casi todos se la pasan hablando de dinero en Puerto Berr\u00edo -Mar\u00eda Dilia no-. La espiritualidad ayuda a vivir, pero no da de comer.<\/p>\n<p>A veces los pedidos no son tan inocentes. \u00abHay mucha gente que los escoge para bien, otros los escogen para mal, para maldad; Yo no s\u00e9 para qu\u00e9 los tiene ah\u00ed el Se\u00f1or a ellos dispuestos\u00bb, me dice Mar\u00eda Dilia, mientras se despide, da media vuelta y sigue rez\u00e1ndole a las placas de cemento.<\/p>\n<p>Escuch\u00e9 que alguien una vez le pidi\u00f3 a las almas que muriera una persona que consideraba su enemiga.<\/p>\n<p>***<\/p>\n<p>A Sandra Milena Fuentes Correa le interrumpo la conversaci\u00f3n con un amigo, pero con la tradicional simpat\u00eda de la gente de esta zona me recibe muy amablemente. Paso a su casa, que es a la vez la tienda de la que vive, en un barrio en las afueras de Puerto Berr\u00edo, calles de tierra y viviendas en general humildes.<\/p>\n<p>Sandra adopt\u00f3 dos NN. \u00abUno era un se\u00f1or de edad, el otro s\u00ed era un muchacho que estaba en pantaloneta y camiseta y ten\u00eda los tenis en una bolsa ah\u00ed metida en el caj\u00f3n\u00bb. Lo bautiz\u00f3 con un nombre lo m\u00e1s b\u00edblico que pudo: Mois\u00e9s de Jes\u00fas Santos.<\/p>\n<p>Confiesa, con una risita avergonzada, que no los visita tan seguido. Pero cuando va se asegura de que no sea en vano.<\/p>\n<figure class=\"media-landscape has-caption full-width\"><span class=\"image-and-copyright-container\"><img loading=\"lazy\" decoding=\"async\" class=\"responsive-image__img js-image-replace\" src=\"http:\/\/ichef.bbci.co.uk\/news\/624\/cpsprodpb\/E6D6\/production\/_92449095_img_9049.jpg\" alt=\"Sandra Milena Fuentes Correa\" width=\"976\" height=\"549\" data-highest-encountered-width=\"624\" \/><span class=\"off-screen\">Derechos de autor de la imagen<\/span><span class=\"story-image-copyright\">NATALIO COSOY\/ BBC MUNDO<\/span><\/span><figcaption class=\"media-caption\"><span class=\"off-screen\">Image caption<\/span><span class=\"media-caption__text\">Sandra Milena Fuentes Correa dice que no supo interpretar el sue\u00f1o en el que las almas le advert\u00edan que la polic\u00eda la iba a detener.<\/span><\/figcaption><\/figure>\n<p>-\u00abVoy y les toco la tumba y las despierto (a las almas): \u00b4Bueno, bueno, ustedes aqu\u00ed durmiendo bien relajadas y yo all\u00e1 pas\u00e1ndolas verdes y maduras. No, p\u00f3nganse las pilas\u00b4. Y empiezo a ver resultados. Me toca ir a despertarlas porque duermen mucho\u00bb.<\/p>\n<p>-\u00bfAlguna vez le fallaron?<\/p>\n<p>Y ah\u00ed me cont\u00f3 el sue\u00f1o: c\u00f3mo dormida vio su casa, que en su casa estaba una amiga, que a la amiga la capturaba la polic\u00eda.<\/p>\n<p>\u00abYo siempre les ped\u00eda a ellas y les dec\u00eda que me ayudaran, que no me dejaran coger, que si alguna cosa que me avisaran con tiempo\u00bb.<\/p>\n<p>\u00abYo no comprend\u00ed el sue\u00f1o\u00bb, dijo resignada.<\/p>\n<p>As\u00ed que la detuvo la polic\u00eda. En su casa. Como en el sue\u00f1o. Condenada a ocho a\u00f1os por venta de estupefacientes. Estuvo cinco meses en prisi\u00f3n y lleva cuatro a\u00f1os de arresto domiciliario.<\/p>\n<figure class=\"media-landscape has-caption full-width\"><span class=\"image-and-copyright-container\"><img loading=\"lazy\" decoding=\"async\" class=\"responsive-image__img js-image-replace\" src=\"http:\/\/ichef-1.bbci.co.uk\/news\/624\/cpsprodpb\/98B6\/production\/_92449093_img_9045.jpg\" alt=\"Marta \u00c1ngela Correa frente al altar que tiene en su cuarto.\" width=\"976\" height=\"549\" data-highest-encountered-width=\"624\" \/><span class=\"off-screen\">Derechos de autor de la imagen<\/span><span class=\"story-image-copyright\">NATALIO COSOY\/ BBC MUNDO<\/span><\/span><figcaption class=\"media-caption\"><span class=\"off-screen\">Image caption<\/span><span class=\"media-caption__text\">Marta \u00c1ngela Correa tiene hasta un altar en su casa dedicado a las almas de los difuntos.<\/span><\/figcaption><\/figure>\n<p>\u00abTodav\u00eda estoy pagando, vea\u00bb. Me muestra una tobillera electr\u00f3nica. \u00abMe faltan cinco meses, gracias a dios, para salir de esta pesadilla\u00bb.<\/p>\n<p>Cree que fueron los NN los que hicieron que s\u00f3lo pagara cinco meses en la c\u00e1rcel.<\/p>\n<p>\u00abLe promet\u00ed a las \u00e1nimas que yo no lo volv\u00eda hacer, que me sacaran de all\u00e1, que yo no lo volv\u00eda a hacer. Que as\u00ed me tocara vender empanadas, lo que fuera, porque yo no lo volv\u00eda hacer. Y yo no les fallo, porque yo s\u00e9 que entonces me la van a cobrar\u00bb.<\/p>\n<p>***<\/p>\n<p>La creencia en que las almas de los muertos pueden ayudar y la costumbre de adoptar NN es algo que se suele heredar en Puerto Berr\u00edo.<\/p>\n<p>Sandra lo aprendi\u00f3 de su madre, Marta \u00c1ngela Correa, quien vive en una casa a 20 metros de ellla y tambi\u00e9n tiene una tienda. En el cementerio hay tres NN \u00absuyos\u00bb.<\/p>\n<p>\u00abArnulfo Laverde y Margarita Ruiz, una pareja\u00bb, dice de los dos primeros. Los nombres le vinieron a la cabeza no sabe de d\u00f3nde. El tercero es Nilo Navas, un nombre que le puso la Fiscal\u00eda al cuerpo para que quedara claro que es un NN.<\/p>\n<figure class=\"media-landscape has-caption full-width\"><span class=\"image-and-copyright-container\"><img loading=\"lazy\" decoding=\"async\" class=\"responsive-image__img js-image-replace\" src=\"http:\/\/ichef.bbci.co.uk\/news\/624\/cpsprodpb\/97E4\/production\/_92448883_img_3509.jpg\" alt=\"Panel con los datos de NN en las b\u00f3vedas del cementerio.\" width=\"976\" height=\"549\" data-highest-encountered-width=\"624\" \/><span class=\"off-screen\">Derechos de autor de la imagen<\/span><span class=\"story-image-copyright\">NATALIO COSOY\/ BBC MUNDO<\/span><\/span><figcaption class=\"media-caption\"><span class=\"off-screen\">Image caption<\/span><span class=\"media-caption__text\">La oficina de Medicina Legal tiene un registro de unos 160 NN en el cementerio de Puerto Berr\u00edo.<\/span><\/figcaption><\/figure>\n<figure class=\"media-landscape has-caption full-width\"><span class=\"image-and-copyright-container\"><img loading=\"lazy\" decoding=\"async\" class=\"responsive-image__img js-image-replace\" src=\"http:\/\/ichef-1.bbci.co.uk\/news\/624\/cpsprodpb\/49C4\/production\/_92448881_chapita.jpg\" alt=\"Peque\u00f1a placa met\u00e1lica con el n\u00famero 1040\" width=\"976\" height=\"549\" data-highest-encountered-width=\"624\" \/><span class=\"off-screen\">Derechos de autor de la imagen<\/span><span class=\"story-image-copyright\">NATALIO COSOY\/ BBC MUNDO<\/span><\/span><figcaption class=\"media-caption\"><span class=\"off-screen\">Image caption<\/span><span class=\"media-caption__text\">Las autoridades desde hace un tiempo colocan una placa de metal en los restos, para que no se pierda la trazabilidad y puedan identificar el cuerpo en caso de ser necesario.<\/span><\/figcaption><\/figure>\n<p>Es que al adoptarlos muchas veces pintan las tapas de las b\u00f3vedas con los nombres nuevos y borran los datos que dan cuenta de que es alguien cuya identidad es desconocida.<\/p>\n<p>\u00abHay casos donde se perdi\u00f3 la trazabilidad totalmente, porque lo que hacen es despistarnos\u00bb, me dijo en una conversaci\u00f3n telef\u00f3nica Carlos Fidel Villamil Ruiz, director de Justicia Transicional de la Fiscal\u00eda, \u00e1rea encargada de rastrear los cuerpos de los miles de desaparecidos que hay en Colombia.<\/p>\n<p>Sin embargo, dice que en general no tienen problemas. Recientemente, adem\u00e1s, se le pega una chapita con un n\u00famero a alguno de los huesos del cad\u00e1ver, de modo que no se pierda el registro del NN: especialmente la fecha en que fue hallado.<\/p>\n<figure class=\"media-landscape has-caption full-width\"><span class=\"image-and-copyright-container\"><img loading=\"lazy\" decoding=\"async\" class=\"responsive-image__img js-image-replace\" src=\"http:\/\/ichef-1.bbci.co.uk\/news\/624\/cpsprodpb\/13424\/production\/_92448887_img_9023.jpg\" alt=\"Cartel que pide que no se borren, pinten ni cambien los datos de los NN.\" width=\"976\" height=\"549\" data-highest-encountered-width=\"624\" \/><span class=\"off-screen\">Derechos de autor de la imagen<\/span><span class=\"story-image-copyright\">NATALIO COSOY\/ BBC MUNDO<\/span><\/span><figcaption class=\"media-caption\"><span class=\"off-screen\">Image caption<\/span><span class=\"media-caption__text\">La Fiscal\u00eda intenta que no se borren los rastros que permitir\u00eda identificar los cuerpos.<\/span><\/figcaption><\/figure>\n<figure class=\"media-landscape has-caption full-width\"><span class=\"image-and-copyright-container\"><img loading=\"lazy\" decoding=\"async\" class=\"responsive-image__img js-image-replace\" src=\"http:\/\/ichef-1.bbci.co.uk\/news\/624\/cpsprodpb\/8592\/production\/_92449143_img_9074.jpg\" alt=\"Cartel que dice \" width=\"976\" height=\"549\" data-highest-encountered-width=\"624\" \/><span class=\"off-screen\">Derechos de autor de la imagen<\/span><span class=\"story-image-copyright\">NATALIO COSOY\/ BBC MUNDO<\/span><\/span><figcaption class=\"media-caption\"><span class=\"off-screen\">Image caption<\/span><span class=\"media-caption__text\">La Fiscal\u00eda deja mensajes para que no cubran la informaci\u00f3n de las b\u00f3vedas.<\/span><\/figcaption><\/figure>\n<p>Hablando de huesos, Marta \u00c1ngela se levanta, va a su cuarto, vuelve y me muestra una v\u00e9rtebra que sac\u00f3 de una b\u00f3veda del cementerio. Es un amuleto para ella. Como las fotos de personas muertas que tiene en un altar en su habitaci\u00f3n. El sentirse rodeada por las almas le de una especie de cobijo.<\/p>\n<p>\u00abAqu\u00ed en cualquier momento yo siento ese olor de huesito, de tumba\u00bb, me mira, mira alrededor. \u00abEntonces les digo: &#8216;Aqu\u00ed est\u00e1n conmigo, yo s\u00e9 que est\u00e1n conmigo'\u00bb.<\/p>\n<p>***<\/p>\n<p>Al barrio de Marta y Sandra me llev\u00f3 Hugo Hern\u00e1n Montoya G\u00f3mez. \u00abEste barrio es peligroso\u00bb, me dijo cuando salimos. (\u00ab\u00a1Gracias por avisarme antes de entrar!\u00bb, pens\u00e9). \u00abCon usted no iba a pasar nada\u00bb, le dije.<\/p>\n<p>Hugo Hern\u00e1n es el animero del pueblo. Seg\u00fan la creencia local es quien m\u00e1s cercan\u00eda, di\u00e1logo y -por extensi\u00f3n- apoyo tiene por parte de las almas de los difuntos. Con \u00e9l no ten\u00eda por qu\u00e9 temer. Si no era por la protecci\u00f3n de las almas, al menos porque es una cara conocida en el barrio.<\/p>\n<figure class=\"media-landscape has-caption full-width\"><span class=\"image-and-copyright-container\"><img loading=\"lazy\" decoding=\"async\" class=\"responsive-image__img js-image-replace\" src=\"http:\/\/ichef.bbci.co.uk\/news\/624\/cpsprodpb\/4A96\/production\/_92449091_img_9036.jpg\" alt=\"Hugo Hern\u00e1n Montoya G\u00f3mez, animero de Puerto Berr\u00edo\" width=\"976\" height=\"549\" data-highest-encountered-width=\"624\" \/><span class=\"off-screen\">Derechos de autor de la imagen<\/span><span class=\"story-image-copyright\">NATALIO COSOY\/ BBC MUNDO<\/span><\/span><figcaption class=\"media-caption\"><span class=\"off-screen\">Image caption<\/span><span class=\"media-caption__text\">El animero de Puerto Berr\u00edo dice que el R\u00edo Magdalena es el m\u00e1s grande cementerio del pa\u00eds.<\/span><\/figcaption><\/figure>\n<p>Antes de visitar a Marta y Sandra, nos sentamos a conversar junto al marr\u00f3n R\u00edo Magdalena, mientras ca\u00eda el sol y picaban rabiosos los mosquitos.<\/p>\n<p>\u00abEl cementerio m\u00e1s grande que hay en el pa\u00eds es el r\u00edo Magdalena\u00bb, dice mirando las aguas con los ojitos chiquitos bajo la improbable gorra de oficial retirado de la Marina de EE.UU. \u00abPorque aqu\u00ed es donde tiraban los grupos armados al margen de la ley\u00bb.<\/p>\n<ul class=\"story-body__unordered-list\">\n<li class=\"story-body__list-item\">Qu\u00e9 cambi\u00f3 en Colombia para que dejaran de aparecer cad\u00e1veres todos los d\u00edas en Barrancabermeja<\/li>\n<li class=\"story-body__list-item\">\u00bfPor qu\u00e9 empez\u00f3 y qu\u00e9 pas\u00f3 en la guerra de m\u00e1s de 50 a\u00f1os que desangr\u00f3 a Colombia?<\/li>\n<\/ul>\n<p>Eso era antes. Sobre todo desde 2005 para atr\u00e1s, seg\u00fan saben en la oficina local de Medicina Legal. En todo 2016, hasta noviembre, solo hubo una persona que fue al pabell\u00f3n de los NN, el se\u00f1or que adoptaron Liliana y Andrea.<\/p>\n<figure class=\"media-landscape has-caption full-width\"><span class=\"image-and-copyright-container\"><img loading=\"lazy\" decoding=\"async\" class=\"responsive-image__img js-image-replace\" src=\"http:\/\/ichef-1.bbci.co.uk\/news\/624\/cpsprodpb\/D416\/production\/_92449245_img_9103.jpg\" alt=\"Fieles en el cementerio.\" width=\"976\" height=\"549\" data-highest-encountered-width=\"624\" \/><span class=\"off-screen\">Derechos de autor de la imagen<\/span><span class=\"story-image-copyright\">NATALIO COSOY\/ BBC MUNDO<\/span><\/span><figcaption class=\"media-caption\"><span class=\"off-screen\">Image caption<\/span><span class=\"media-caption__text\">La convocatoria para la misa del 2 de noviembre en el cementerio es muy nutrida.<\/span><\/figcaption><\/figure>\n<figure class=\"media-landscape has-caption full-width\"><span class=\"image-and-copyright-container\"><img loading=\"lazy\" decoding=\"async\" class=\"responsive-image__img js-image-replace\" src=\"http:\/\/ichef-1.bbci.co.uk\/news\/624\/cpsprodpb\/306A\/production\/_92449321_img_9111.jpg\" alt=\"El cura de la misa del d\u00eda de los Fieles Difuntos en el cementerio.\" width=\"976\" height=\"549\" data-highest-encountered-width=\"624\" \/><span class=\"off-screen\">Derechos de autor de la imagen<\/span><span class=\"story-image-copyright\">NATALIO COSOY\/ BBC MUNDO<\/span><\/span><figcaption class=\"media-caption\"><span class=\"off-screen\">Image caption<\/span><span class=\"media-caption__text\">El cura de la misa del d\u00eda de los Fieles Difuntos en el cementerio.<\/span><\/figcaption><\/figure>\n<figure class=\"media-landscape has-caption full-width\"><span class=\"image-and-copyright-container\"><img loading=\"lazy\" decoding=\"async\" class=\"responsive-image__img js-image-replace\" src=\"http:\/\/ichef-1.bbci.co.uk\/news\/624\/cpsprodpb\/7E8A\/production\/_92449323_img_9112.jpg\" alt=\"La estatua de un \u00e1ngel en el cementerio, sobre el fondo del cielo nocturno.\" width=\"976\" height=\"549\" data-highest-encountered-width=\"624\" \/><span class=\"off-screen\">Derechos de autor de la imagen<\/span><span class=\"story-image-copyright\">NATALIO COSOY\/ BBC MUNDO<\/span><\/span><figcaption class=\"media-caption\"><span class=\"off-screen\">Image caption<\/span><span class=\"media-caption__text\">Cuando cae la noche termina la misa y horas m\u00e1s tarde el animero har\u00e1 su propia ceremonia.<\/span><\/figcaption><\/figure>\n<p>Pero en 2000, por ejemplo, llegaron al cementerio de Puerto Berr\u00edo 19 cuerpos en Condici\u00f3n de No Identificados (CNI, es la sigla que reemplaza a NN en el discurso legal).<\/p>\n<p>Desde la d\u00e9cada de 1990 hasta hoy Medicina Legal tiene unos registrados 160 CNI o NN en Puerto Berr\u00edo. Hay uno menos desde hace pocas semanas, era el cuerpo de un hombre que hab\u00eda llegado al cementerio en 2001. Alguien lo hab\u00eda escogido para pedirle favores y rezarle. La hermana finalmente lo fue a reclamar y las pruebas de ADN dieron positivo, pero cuando estuve por el pueblo todav\u00eda no hab\u00edan ido por \u00e9l. La familia vive lejos.<\/p>\n<ul class=\"story-body__unordered-list\">\n<li class=\"story-body__list-item\">Colombia: la democracia que puede tener m\u00e1s desaparecidos que Chile y Argentina juntos<\/li>\n<\/ul>\n<p>\u00bfSufren m\u00e1s las almas de los que padecen una muerte violenta, de esos cuerpos que fueron tirados al r\u00edo?, le pregunto al animero. \u00abEs el mismo descanso\u00bb, me responde, \u00abporque lo que tiran al agua es el cuerpo, no el alma\u00bb.<\/p>\n<figure class=\"media-landscape has-caption full-width\"><span class=\"image-and-copyright-container\"><img loading=\"lazy\" decoding=\"async\" class=\"responsive-image__img js-image-replace\" src=\"http:\/\/ichef-1.bbci.co.uk\/news\/624\/cpsprodpb\/CCAA\/production\/_92449325_img_9121.jpg\" alt=\"Animero frente a las puertas del cementerio.\" width=\"976\" height=\"549\" data-highest-encountered-width=\"624\" \/><span class=\"off-screen\">Derechos de autor de la imagen<\/span><span class=\"story-image-copyright\">NATALIO COSOY\/ BBC MUNDO<\/span><\/span><figcaption class=\"media-caption\"><span class=\"off-screen\">Image caption<\/span><span class=\"media-caption__text\">El animero reza frente a las puertas del cementerio antes de comenzar su recorrido por el pueblo.<\/span><\/figcaption><\/figure>\n<figure class=\"media-landscape has-caption full-width\"><span class=\"image-and-copyright-container\"><img loading=\"lazy\" decoding=\"async\" class=\"responsive-image__img js-image-replace\" src=\"http:\/\/ichef-1.bbci.co.uk\/news\/624\/cpsprodpb\/47DA\/production\/_92449381_img_9133.jpg\" alt=\"Mujeres con velas frente al cementerio.\" width=\"976\" height=\"549\" data-highest-encountered-width=\"624\" \/><span class=\"off-screen\">Derechos de autor de la imagen<\/span><span class=\"story-image-copyright\">NATALIO COSOY\/ BBC MUNDO<\/span><\/span><figcaption class=\"media-caption\"><span class=\"off-screen\">Image caption<\/span><span class=\"media-caption__text\">Alguos devotos acompa\u00f1an al animero.<\/span><\/figcaption><\/figure>\n<figure class=\"media-landscape has-caption full-width\"><span class=\"image-and-copyright-container\"><img loading=\"lazy\" decoding=\"async\" class=\"responsive-image__img js-image-replace\" src=\"http:\/\/ichef-1.bbci.co.uk\/news\/624\/cpsprodpb\/168EA\/production\/_92449329_img_9129.jpg\" alt=\"Manos del animero con cam\u00e1ndula y libro de rezos.\" width=\"976\" height=\"549\" data-highest-encountered-width=\"624\" \/><span class=\"off-screen\">Derechos de autor de la imagen<\/span><span class=\"story-image-copyright\">NATALIO COSOY\/ BBC MUNDO<\/span><\/span><figcaption class=\"media-caption\"><span class=\"off-screen\">Image caption<\/span><span class=\"media-caption__text\">En sus manos el animero lleva una cam\u00e1ndula dorada y un libro de rezos.<\/span><\/figcaption><\/figure>\n<p>Sigo curioso. \u00bfAdem\u00e1s de saber de las almas de los difuntos, qu\u00e9 hace un animero? \u00abPedir por el eterno descanso de esas almas que est\u00e1n al borde del abismo infernal, por aquellas almas que est\u00e1n en riesgo de condenarse, pedir con un Padre Nuestro y un Ave Mar\u00eda por el descanso de ellas\u00bb, me cuenta.<\/p>\n<p>Pero el 2 de noviembre, d\u00eda especial, noche especial, hace algo m\u00e1s. Se pone una capa de pl\u00e1stico negro, con capucha, y un retrato blanco de Cristo estampado en el pecho, una cam\u00e1ndula dorada en una mano, un libro de rezos y una campana alternativamente en la otra, y hace un recorrido que parte a medianoche del cementerio y recorre las calles del pueblo, seguido por un grupo de fieles. Este a\u00f1o Sandra estaba entre ellos, con una vela en su mano. En la esquina del cementerio hab\u00eda dos polic\u00edas en moto (\u00bfser\u00eda por ella?).<\/p>\n<p>Dicen los que creen que el animero saca a pasear a las almas de los muertos del cementerio para que los vecinos recen por ellas y las devuelve al terminar el recorrido, a las dos o tres de la ma\u00f1ana.<\/p>\n<p>***<\/p>\n<p>Caminando de ac\u00e1 para all\u00e1 entre las tumbas est\u00e1 Luz Miriam Atehort\u00faa. No vino a rezarle a las almas del purgatorio, no es lo suyo (est\u00e1 acompa\u00f1ando a otros periodistas que tambi\u00e9n se interesaron por lo que pasa en Puerto Berr\u00edo).<\/p>\n<p>\u00abNo creo en un \u00e1nima, el muerto muerto est\u00e1\u00bb, asegura. \u00abA m\u00ed no me da para creer en ellas, yo lo que puedo hacer es desearles que Dios los tenga en su descanso. Pero yo ser esclava de (ellas) no\u00bb.<\/p>\n<p>Hay mucha gente, me explica, que lo hacen para pedirle favores. Pero hay otros que perdieron alg\u00fan familiar, alguien que est\u00e1 desaparecido, y se aferran a un NN. A veces hasta le ponen el mismo nombre del familiar que no est\u00e1.<\/p>\n<figure class=\"media-landscape has-caption full-width\"><span class=\"image-and-copyright-container\"><img loading=\"lazy\" decoding=\"async\" class=\"responsive-image__img js-image-replace\" src=\"http:\/\/ichef-1.bbci.co.uk\/news\/624\/cpsprodpb\/121D2\/production\/_92449147_img_9085.jpg\" alt=\"Luz Miriam Atehort\u00faa\" width=\"976\" height=\"549\" data-highest-encountered-width=\"624\" \/><span class=\"off-screen\">Derechos de autor de la imagen<\/span><span class=\"story-image-copyright\">NATALIO COSOY\/ BBC MUNDO<\/span><\/span><figcaption class=\"media-caption\"><span class=\"off-screen\">Image caption<\/span><span class=\"media-caption__text\">Luz Miriam Atehort\u00faa no es devota de las almas. \u00abYo ser esclavas de ellas no\u00bb, dice.<\/span><\/figcaption><\/figure>\n<p>Unos metros m\u00e1s all\u00e1 hay una mujer enfadada porque vio que la tumba de su NN escogido ten\u00eda pintadas unas palabras en azul y parafina chorreada de alguien que le hab\u00eda puesto velas.<\/p>\n<p>Se queja con el sepulturero. Las palabras, le explica el hombre, las escribi\u00f3 la Fiscal\u00eda para poder identificar el cuerpo. No se pueden borrar. Pero el sepulturero trepa las b\u00f3vedas -la mujer es de las de arriba- y limpia la parafina.<\/p>\n<p>Se llama Dalgy Elena Delgado y es l\u00edder comunitaria y concejal de Puerto Berr\u00edo. Hace como 30 a\u00f1os desaparecieron dos t\u00edos suyos. Nunca m\u00e1s se supo de ellos.<\/p>\n<p>\u00abUn lunes 27 de abril de 2008, el padre nos contaba terminando la eucarist\u00eda de que hab\u00eda tra\u00eddo, no hac\u00eda 20 minutos, a un cad\u00e1ver que hab\u00edan encontrado en el r\u00edo Magdalena, y que lo hab\u00edan asesinado muy brutalmente\u00bb, me cuenta.<\/p>\n<p>\u00abCasi que me acordaba de mis dos t\u00edos; inquieta al terminar la eucarist\u00eda, ya saliendo del cementerio, me dirig\u00ed y de inmediato pude visualizar esa tumba. Estaba fresquita. No hac\u00eda ni 5 minutos que le hab\u00edan colocado la capita de cemento. De un momento a otro, eso fue instant\u00e1neo, sali\u00f3 el nombre que yo ten\u00eda que darle. Es como si algo me hubiera dicho &#8216;este lo vas a adoptar, este ser que te toc\u00f3 en esta eucarist\u00eda lo vas a adoptar y este es el nombre que le vas a dar'\u00bb.<\/p>\n<figure class=\"media-landscape has-caption full-width\"><span class=\"image-and-copyright-container\"><img loading=\"lazy\" decoding=\"async\" class=\"responsive-image__img js-image-replace\" src=\"http:\/\/ichef.bbci.co.uk\/news\/624\/cpsprodpb\/16FF2\/production\/_92449149_img_9090.jpg\" alt=\"Dalgy Elena Delgado frente a las b\u00f3vedas.\" width=\"976\" height=\"549\" data-highest-encountered-width=\"624\" \/><span class=\"off-screen\">Derechos de autor de la imagen<\/span><span class=\"story-image-copyright\">NATALIO COSOY\/ BBC MUNDO<\/span><\/span><figcaption class=\"media-caption\"><span class=\"off-screen\">Image caption<\/span><span class=\"media-caption__text\">Dalgy Elena Delgado vino a visitar la b\u00f3veda del NN que escogi\u00f3, la que tiene el n\u00famero 40, arriba, a la izquierda.<\/span><\/figcaption><\/figure>\n<p>\u00ab\u00c9l se llama Miguel Andr\u00e9s Duque\u00bb, dice.<\/p>\n<p>Dalgy s\u00ed vino al cementerio, que est\u00e1 lleno, para participar de la misa; es muy devota.<\/p>\n<p>\u00abE 2 de noviembre hacemos una oraci\u00f3n por todas las almas benditas, por todos los difuntos, y todo ese mes es de las almas benditas del purgatorio. Para nosotros en Puerto Berr\u00edo ese mes es de oraci\u00f3n para ellos, un mes muy especial\u00bb.<\/p>\n<p>***<\/p>\n<p>La devoci\u00f3n por las almas de los difuntos, la costumbre de adoptar cuerpos sin nombre, sin familia, sigue en Puerto Berr\u00edo. Pasa de madre a hija, de un vecino a otro, de amiga a amiga. De abuelo a nieto.<\/p>\n<p>Hugo Hern\u00e1n lleva 17 de sus 62 a\u00f1os de vida como animero \u00bfPens\u00f3 en un sucesor? Hay un nieto, me dice, que cuando era ni\u00f1o prometi\u00f3 que si se salvaba del dengue que lo tuvo cerca de la muerte, seguir\u00eda sus pasos. Ahora tiene 18, pero la madre no quiere que lo haga.<\/p>\n<p>Hugo Hern\u00e1n dice que no tiene opci\u00f3n, que tiene que cumplir.<\/p>\n<figure class=\"media-landscape has-caption full-width\"><span class=\"image-and-copyright-container\"><img loading=\"lazy\" decoding=\"async\" class=\"responsive-image__img js-image-replace\" src=\"http:\/\/ichef-1.bbci.co.uk\/news\/624\/cpsprodpb\/95FA\/production\/_92449383_img_9136.jpg\" alt=\"Animero y devotos caminando por las calles de Puerto Berr\u00edo.\" width=\"976\" height=\"549\" data-highest-encountered-width=\"624\" \/><span class=\"off-screen\">Derechos de autor de la imagen<\/span><span class=\"story-image-copyright\">NATALIO COSOY\/ BBC MUNDO<\/span><\/span><figcaption class=\"media-caption\"><span class=\"off-screen\">Image caption<\/span><span class=\"media-caption__text\">El animero y los devotos que lo acompa\u00f1an recorren durante algunas horas el pueblo, pidiendo por las almas del purgatorio.<\/span><\/figcaption><\/figure>\n<\/div>\n<\/div>\n<div class=\"tags-container\">\n<h2 class=\"tags-title story-body__crosshead\"><\/h2>\n<\/div>\n","protected":false},"excerpt":{"rendered":"<p>Un pueblo donde la torre de la campana de la iglesia sigue siendo el edificio m\u00e1s alto: Puerto Berr\u00edo, un lugar de fe cat\u00f3lica en un departamento fervoroso -Antioquia-&#8230; En un pa\u00eds de fe: Colombia. Si creen que en toda Colombia, sobre todo en Antioquia, hay un fuerte culto a las almas del purgatorio, esperen [&hellip;]<\/p>\n","protected":false},"author":1,"featured_media":61633,"comment_status":"open","ping_status":"open","sticky":false,"template":"","format":"standard","meta":{"footnotes":""},"categories":[50],"tags":[],"class_list":["post-61632","post","type-post","status-publish","format-standard","has-post-thumbnail","hentry","category-colombia"],"_links":{"self":[{"href":"https:\/\/2horizontes.com\/index.php?rest_route=\/wp\/v2\/posts\/61632","targetHints":{"allow":["GET"]}}],"collection":[{"href":"https:\/\/2horizontes.com\/index.php?rest_route=\/wp\/v2\/posts"}],"about":[{"href":"https:\/\/2horizontes.com\/index.php?rest_route=\/wp\/v2\/types\/post"}],"author":[{"embeddable":true,"href":"https:\/\/2horizontes.com\/index.php?rest_route=\/wp\/v2\/users\/1"}],"replies":[{"embeddable":true,"href":"https:\/\/2horizontes.com\/index.php?rest_route=%2Fwp%2Fv2%2Fcomments&post=61632"}],"version-history":[{"count":1,"href":"https:\/\/2horizontes.com\/index.php?rest_route=\/wp\/v2\/posts\/61632\/revisions"}],"predecessor-version":[{"id":61634,"href":"https:\/\/2horizontes.com\/index.php?rest_route=\/wp\/v2\/posts\/61632\/revisions\/61634"}],"wp:featuredmedia":[{"embeddable":true,"href":"https:\/\/2horizontes.com\/index.php?rest_route=\/wp\/v2\/media\/61633"}],"wp:attachment":[{"href":"https:\/\/2horizontes.com\/index.php?rest_route=%2Fwp%2Fv2%2Fmedia&parent=61632"}],"wp:term":[{"taxonomy":"category","embeddable":true,"href":"https:\/\/2horizontes.com\/index.php?rest_route=%2Fwp%2Fv2%2Fcategories&post=61632"},{"taxonomy":"post_tag","embeddable":true,"href":"https:\/\/2horizontes.com\/index.php?rest_route=%2Fwp%2Fv2%2Ftags&post=61632"}],"curies":[{"name":"wp","href":"https:\/\/api.w.org\/{rel}","templated":true}]}}