{"id":61587,"date":"2017-01-09T19:58:14","date_gmt":"2017-01-09T18:58:14","guid":{"rendered":"http:\/\/2horizontes.com\/?p=61587"},"modified":"2017-01-09T19:58:56","modified_gmt":"2017-01-09T18:58:56","slug":"aznar-vuelve-a-cargar-contra-las-subidas-de-impuestos-del-gobierno-de-rajoy","status":"publish","type":"post","link":"https:\/\/2horizontes.com\/?p=61587","title":{"rendered":"Aznar vuelve a cargar contra las subidas de impuestos del Gobierno de Rajoy"},"content":{"rendered":"<p>Impuestos altos, d\u00e9ficit y deuda son lo contrario del c\u00edrculo virtuoso en que la econom\u00eda espa\u00f1ola debe anclar su crecimiento\u201d. El ex presidente del Gobierno y jefe de la fundaci\u00f3n FAES, Jos\u00e9 Mar\u00eda Aznar, ha expuesto este lunes las l\u00edneas maestras de las que cree que deber\u00edan ser las pol\u00edticas econ\u00f3micas del Gobierno, y, de nuevo, ha vuelto a criticar impl\u00edcitamente la pol\u00edtica fiscal del actual Ejecutivo que preside Mariano Rajoy.<\/p>\n<p>En un acto con empresarios en Valencia, Aznar tambi\u00e9n ha advertido de que el elemento que puede desestabilizar m\u00e1s la recuperaci\u00f3n en Espa\u00f1a es la situaci\u00f3n pol\u00edtica. En este sentido, ha asegurado que la actual fragmentaci\u00f3n en el Parlamento es perjudicial por no favorecer \u201creformas de calado\u201d que, sin embargo, juzga como \u201cun imperativo\u201d.<\/p>\n<p>Debilidades La actual fragmentaci\u00f3n pol\u00edtica puede no favorecer \u201creformas\u201d que el ex presidente considera imprescindibles<\/p>\n<p>Para Aznar, es urgente una nueva \u201cverdadera agenda reformista\u201d ante un panorama en que existen muchos riesgos que pueden acabar con la cierta bonanza econ\u00f3mica que vive Espa\u00f1a. \u201c2016 ha sido un buen a\u00f1o econ\u00f3mico pero los vientos de cola no van a soplar tan fuertes\u201d, ha subrayado el ex presidente que ve peligros como la baja productividad en Espa\u00f1a y, a nivel internacional, una posible ola proteccionista o la subida del precio del petroleo.Y<\/p>\n","protected":false},"excerpt":{"rendered":"<p>Impuestos altos, d\u00e9ficit y deuda son lo contrario del c\u00edrculo virtuoso en que la econom\u00eda espa\u00f1ola debe anclar su crecimiento\u201d. El ex presidente del Gobierno y jefe de la fundaci\u00f3n FAES, Jos\u00e9 Mar\u00eda Aznar, ha expuesto este lunes las l\u00edneas maestras de las que cree que deber\u00edan ser las pol\u00edticas econ\u00f3micas del Gobierno, y, de [&hellip;]<\/p>\n","protected":false},"author":3,"featured_media":61588,"comment_status":"open","ping_status":"open","sticky":false,"template":"","format":"standard","meta":{"footnotes":""},"categories":[85,43],"tags":[],"class_list":["post-61587","post","type-post","status-publish","format-standard","has-post-thumbnail","hentry","category-espana","category-politica"],"_links":{"self":[{"href":"https:\/\/2horizontes.com\/index.php?rest_route=\/wp\/v2\/posts\/61587","targetHints":{"allow":["GET"]}}],"collection":[{"href":"https:\/\/2horizontes.com\/index.php?rest_route=\/wp\/v2\/posts"}],"about":[{"href":"https:\/\/2horizontes.com\/index.php?rest_route=\/wp\/v2\/types\/post"}],"author":[{"embeddable":true,"href":"https:\/\/2horizontes.com\/index.php?rest_route=\/wp\/v2\/users\/3"}],"replies":[{"embeddable":true,"href":"https:\/\/2horizontes.com\/index.php?rest_route=%2Fwp%2Fv2%2Fcomments&post=61587"}],"version-history":[{"count":2,"href":"https:\/\/2horizontes.com\/index.php?rest_route=\/wp\/v2\/posts\/61587\/revisions"}],"predecessor-version":[{"id":61592,"href":"https:\/\/2horizontes.com\/index.php?rest_route=\/wp\/v2\/posts\/61587\/revisions\/61592"}],"wp:featuredmedia":[{"embeddable":true,"href":"https:\/\/2horizontes.com\/index.php?rest_route=\/wp\/v2\/media\/61588"}],"wp:attachment":[{"href":"https:\/\/2horizontes.com\/index.php?rest_route=%2Fwp%2Fv2%2Fmedia&parent=61587"}],"wp:term":[{"taxonomy":"category","embeddable":true,"href":"https:\/\/2horizontes.com\/index.php?rest_route=%2Fwp%2Fv2%2Fcategories&post=61587"},{"taxonomy":"post_tag","embeddable":true,"href":"https:\/\/2horizontes.com\/index.php?rest_route=%2Fwp%2Fv2%2Ftags&post=61587"}],"curies":[{"name":"wp","href":"https:\/\/api.w.org\/{rel}","templated":true}]}}