{"id":61584,"date":"2017-01-09T19:52:43","date_gmt":"2017-01-09T18:52:43","guid":{"rendered":"http:\/\/2horizontes.com\/?p=61584"},"modified":"2017-01-09T19:52:43","modified_gmt":"2017-01-09T18:52:43","slug":"por-que-le-llueven-las-criticas-a-shakira-por-esta-foto","status":"publish","type":"post","link":"https:\/\/2horizontes.com\/?p=61584","title":{"rendered":"\u00bfPor qu\u00e9 le llueven las cr\u00edticas a Shakira por esta foto?"},"content":{"rendered":"<p>Todo lo que hace- e incluso no hace- Shakira es noticia. La cantante ha empezado el a\u00f1o con nuevos comentarios y cr\u00edticas, esta vez por una fotograf\u00eda que ha colgado en su Instagram y en la que aparece con una corona real. Su premio, la figura del rey en el rosc\u00f3n. Aunque parece que eso es lo de menos para algunos que han preferido atacar a la colombiana por otro motivo.<\/p>\n<p>Muchos de sus seguidores se han quejado de las ra\u00edces negras en el pelo rubio de la colombiana. Son muchos lo que no entienden c\u00f3mo puede tener el pelo as\u00ed de descuidado, y otros \u201celogios\u201d hacia la int\u00e9rprete que, como suele ser habitual, ha generado un debate en la red entre los seguidores de Shakira que la defienden.<\/p>\n<p>Ni corona, ni rosc\u00f3n de reyes: sus seguidores y detractores se han fijado en su pelo<\/p>\n<p>La colombiana decidi\u00f3 cambiar su look hace m\u00e1s de 15 a\u00f1os: Corr\u00eda el a\u00f1o 2000, despu\u00e9s de su \u00e9xito en el MTV Unplugged y antes del lanzamiento del disco \u201cServicio de lavander\u00eda\u201d. Rubia o morena, parece que la pareja de Piqu\u00e9, al igual que el propio futbolista, tiene dif\u00edcil pasar inadvertida haga lo que haga.<\/p>\n<p>Su buen momento profesional, con \u00e9xitos como La Bicicleta junto a Carlos Vives, o Chantaje, donde canta con Maluma, es casi siempre acompa\u00f1ado por comentarios o cr\u00edticas que intentan desestabilizar, la mayor\u00eda de veces sin \u00e9xito, a una cantante que, por ahora, sigue compartiendo momentos de su vida privada en sus redes oficiales.<\/p>\n","protected":false},"excerpt":{"rendered":"<p>Todo lo que hace- e incluso no hace- Shakira es noticia. La cantante ha empezado el a\u00f1o con nuevos comentarios y cr\u00edticas, esta vez por una fotograf\u00eda que ha colgado en su Instagram y en la que aparece con una corona real. Su premio, la figura del rey en el rosc\u00f3n. Aunque parece que eso [&hellip;]<\/p>\n","protected":false},"author":3,"featured_media":61585,"comment_status":"open","ping_status":"open","sticky":false,"template":"","format":"standard","meta":{"footnotes":""},"categories":[1],"tags":[],"class_list":["post-61584","post","type-post","status-publish","format-standard","has-post-thumbnail","hentry","category-entretenimiento"],"_links":{"self":[{"href":"https:\/\/2horizontes.com\/index.php?rest_route=\/wp\/v2\/posts\/61584","targetHints":{"allow":["GET"]}}],"collection":[{"href":"https:\/\/2horizontes.com\/index.php?rest_route=\/wp\/v2\/posts"}],"about":[{"href":"https:\/\/2horizontes.com\/index.php?rest_route=\/wp\/v2\/types\/post"}],"author":[{"embeddable":true,"href":"https:\/\/2horizontes.com\/index.php?rest_route=\/wp\/v2\/users\/3"}],"replies":[{"embeddable":true,"href":"https:\/\/2horizontes.com\/index.php?rest_route=%2Fwp%2Fv2%2Fcomments&post=61584"}],"version-history":[{"count":1,"href":"https:\/\/2horizontes.com\/index.php?rest_route=\/wp\/v2\/posts\/61584\/revisions"}],"predecessor-version":[{"id":61586,"href":"https:\/\/2horizontes.com\/index.php?rest_route=\/wp\/v2\/posts\/61584\/revisions\/61586"}],"wp:featuredmedia":[{"embeddable":true,"href":"https:\/\/2horizontes.com\/index.php?rest_route=\/wp\/v2\/media\/61585"}],"wp:attachment":[{"href":"https:\/\/2horizontes.com\/index.php?rest_route=%2Fwp%2Fv2%2Fmedia&parent=61584"}],"wp:term":[{"taxonomy":"category","embeddable":true,"href":"https:\/\/2horizontes.com\/index.php?rest_route=%2Fwp%2Fv2%2Fcategories&post=61584"},{"taxonomy":"post_tag","embeddable":true,"href":"https:\/\/2horizontes.com\/index.php?rest_route=%2Fwp%2Fv2%2Ftags&post=61584"}],"curies":[{"name":"wp","href":"https:\/\/api.w.org\/{rel}","templated":true}]}}