{"id":61581,"date":"2017-01-09T19:49:49","date_gmt":"2017-01-09T18:49:49","guid":{"rendered":"http:\/\/2horizontes.com\/?p=61581"},"modified":"2017-01-09T19:49:49","modified_gmt":"2017-01-09T18:49:49","slug":"muere-un-nino-de-siete-anos-despues-de-que-sus-padres-se-pusieran-a-rezar-en-vez-de-llamar-a-urgencias","status":"publish","type":"post","link":"https:\/\/2horizontes.com\/?p=61581","title":{"rendered":"Muere un ni\u00f1o de siete a\u00f1os despu\u00e9s de que sus padres se pusieran a rezar en vez de llamar a urgencias"},"content":{"rendered":"<p>Un ni\u00f1o enfermo de siete a\u00f1os muri\u00f3 despu\u00e9s de que sus padres decidieran rezar por \u00e9l en lugar de llamar a los servicios de emergencias m\u00e9dicas, seg\u00fan publica el rotativo The Independent.<\/p>\n<p>El fin de semana de su muerte Seth Johnson, que sufr\u00eda pancreatitis y sepsis aguda, se hab\u00eda quedado a solas con su hermano de 16 a\u00f1os. Sus padres, Timothy y Sarah Johnson, de Plymouth, Minnesota, se encontraban en una boda a las afueras de la ciudad.<\/p>\n<p>El ni\u00f1o sufr\u00eda pancreatitis y sepsis aguda<\/p>\n<p>Tras la muerte del peque\u00f1o, los padres del menor han sido acusados de negligencia y deber\u00e1n comparecer ante los tribunales este mismo mes. \u201cNo podemos comprender c\u00f3mo un padre dejar\u00eda a un ni\u00f1o de siete a\u00f1os muy enfermo al cuidado de uno de 16 para poder irse un fin de semana\u201d, dijo Mike Freeman, fiscal del condado de Hennepin.<\/p>\n<p>Freeman tambi\u00e9n se\u00f1al\u00f3 que el domingo por la ma\u00f1ana los padres se negaron a regresar a casa para cuidar de su hijo cuando se les notific\u00f3 su grave estado de salud, y que no llamaron a una ambulancia para que el peque\u00f1o fuera atendido por un equipo m\u00e9dico. \u201cLos Johnson, por supuesto, se declaran inocentes. Pero vamos a usar todos nuestros recursos para demostrar que son culpables\u201d, asegur\u00f3 el fiscal.<\/p>\n<p>Los padres estaban en una boda a las afueras de la ciudad a pesar de la enfermedad de su hijo<\/p>\n<p>Seg\u00fan la citaci\u00f3n judicial, la pareja explic\u00f3 que las semanas anteriores a su muerte el comportamiento de Seth cambi\u00f3. Dorm\u00eda poco, ten\u00eda temblores, ampollas en las piernas, lesiones en los talones, tardaba unas dos horas para comer y se cay\u00f3 por las escaleras en varias ocasiones.<\/p>\n<p>Timothy y Sarah Johnson dijeron que nunca buscaron ayuda de especialistas porque el ni\u00f1o ya hab\u00eda recibido atenci\u00f3n m\u00e9dica sobre algunos aspectos de su salud, y ellos mismos le diagnosticaron \u201cun trastorno de estr\u00e9s postraum\u00e1tico y una lesi\u00f3n cerebral\u201d.<\/p>\n<p>La citaci\u00f3n afirma que Johnson y su esposa se encontraban en la boda cuando el 29 de marzo su hijo mayor telefone\u00f3 diciendo que Seth no hablaba ni com\u00eda y que estaba \u201clet\u00e1rgico y fl\u00e1cido\u201d. Cuando la pareja regres\u00f3 aquella noche, los Johnson \u201crezaron por su salud\u201d, y despu\u00e9s de ba\u00f1arlo, lo dejaron dormir.<\/p>\n","protected":false},"excerpt":{"rendered":"<p>Un ni\u00f1o enfermo de siete a\u00f1os muri\u00f3 despu\u00e9s de que sus padres decidieran rezar por \u00e9l en lugar de llamar a los servicios de emergencias m\u00e9dicas, seg\u00fan publica el rotativo The Independent. El fin de semana de su muerte Seth Johnson, que sufr\u00eda pancreatitis y sepsis aguda, se hab\u00eda quedado a solas con su hermano [&hellip;]<\/p>\n","protected":false},"author":3,"featured_media":61582,"comment_status":"open","ping_status":"open","sticky":false,"template":"","format":"standard","meta":{"footnotes":""},"categories":[40],"tags":[],"class_list":["post-61581","post","type-post","status-publish","format-standard","has-post-thumbnail","hentry","category-internacionales"],"_links":{"self":[{"href":"https:\/\/2horizontes.com\/index.php?rest_route=\/wp\/v2\/posts\/61581","targetHints":{"allow":["GET"]}}],"collection":[{"href":"https:\/\/2horizontes.com\/index.php?rest_route=\/wp\/v2\/posts"}],"about":[{"href":"https:\/\/2horizontes.com\/index.php?rest_route=\/wp\/v2\/types\/post"}],"author":[{"embeddable":true,"href":"https:\/\/2horizontes.com\/index.php?rest_route=\/wp\/v2\/users\/3"}],"replies":[{"embeddable":true,"href":"https:\/\/2horizontes.com\/index.php?rest_route=%2Fwp%2Fv2%2Fcomments&post=61581"}],"version-history":[{"count":1,"href":"https:\/\/2horizontes.com\/index.php?rest_route=\/wp\/v2\/posts\/61581\/revisions"}],"predecessor-version":[{"id":61583,"href":"https:\/\/2horizontes.com\/index.php?rest_route=\/wp\/v2\/posts\/61581\/revisions\/61583"}],"wp:featuredmedia":[{"embeddable":true,"href":"https:\/\/2horizontes.com\/index.php?rest_route=\/wp\/v2\/media\/61582"}],"wp:attachment":[{"href":"https:\/\/2horizontes.com\/index.php?rest_route=%2Fwp%2Fv2%2Fmedia&parent=61581"}],"wp:term":[{"taxonomy":"category","embeddable":true,"href":"https:\/\/2horizontes.com\/index.php?rest_route=%2Fwp%2Fv2%2Fcategories&post=61581"},{"taxonomy":"post_tag","embeddable":true,"href":"https:\/\/2horizontes.com\/index.php?rest_route=%2Fwp%2Fv2%2Ftags&post=61581"}],"curies":[{"name":"wp","href":"https:\/\/api.w.org\/{rel}","templated":true}]}}