{"id":61557,"date":"2017-01-09T16:20:19","date_gmt":"2017-01-09T15:20:19","guid":{"rendered":"http:\/\/2horizontes.com\/?p=61557"},"modified":"2017-01-09T16:20:19","modified_gmt":"2017-01-09T15:20:19","slug":"sergio-ramos-vuelve-a-entrenar-con-el-grupo","status":"publish","type":"post","link":"https:\/\/2horizontes.com\/?p=61557","title":{"rendered":"Sergio Ramos vuelve a entrenar con el grupo"},"content":{"rendered":"<p>El defensa Sergio Ramos, ausente en las \u00faltimas convocatorias por problemas musculares, trabaj\u00f3 ya este lunes con el resto del grupo, en la vuelta de la primera plantilla del Real Madrid a los entrenamientos, para preparar el partido ante el Sevilla, vuelta de los octavos de final de la Copa del Rey.<\/p>\n<p>Sergio Ramos, que no estuvo el \u00faltimo martes ante el Sevilla, en la ida copera, ni el s\u00e1bado ante el Granada, en liga, fue la principal novedad de una sesi\u00f3n que tambi\u00e9n cont\u00f3 con la presencia de Enzo Zidane, jugador del Real Madrid Castilla.<\/p>\n","protected":false},"excerpt":{"rendered":"<p>El defensa Sergio Ramos, ausente en las \u00faltimas convocatorias por problemas musculares, trabaj\u00f3 ya este lunes con el resto del grupo, en la vuelta de la primera plantilla del Real Madrid a los entrenamientos, para preparar el partido ante el Sevilla, vuelta de los octavos de final de la Copa del Rey. Sergio Ramos, que [&hellip;]<\/p>\n","protected":false},"author":3,"featured_media":61558,"comment_status":"open","ping_status":"open","sticky":false,"template":"","format":"standard","meta":{"footnotes":""},"categories":[42],"tags":[],"class_list":["post-61557","post","type-post","status-publish","format-standard","has-post-thumbnail","hentry","category-deportes"],"_links":{"self":[{"href":"https:\/\/2horizontes.com\/index.php?rest_route=\/wp\/v2\/posts\/61557","targetHints":{"allow":["GET"]}}],"collection":[{"href":"https:\/\/2horizontes.com\/index.php?rest_route=\/wp\/v2\/posts"}],"about":[{"href":"https:\/\/2horizontes.com\/index.php?rest_route=\/wp\/v2\/types\/post"}],"author":[{"embeddable":true,"href":"https:\/\/2horizontes.com\/index.php?rest_route=\/wp\/v2\/users\/3"}],"replies":[{"embeddable":true,"href":"https:\/\/2horizontes.com\/index.php?rest_route=%2Fwp%2Fv2%2Fcomments&post=61557"}],"version-history":[{"count":1,"href":"https:\/\/2horizontes.com\/index.php?rest_route=\/wp\/v2\/posts\/61557\/revisions"}],"predecessor-version":[{"id":61559,"href":"https:\/\/2horizontes.com\/index.php?rest_route=\/wp\/v2\/posts\/61557\/revisions\/61559"}],"wp:featuredmedia":[{"embeddable":true,"href":"https:\/\/2horizontes.com\/index.php?rest_route=\/wp\/v2\/media\/61558"}],"wp:attachment":[{"href":"https:\/\/2horizontes.com\/index.php?rest_route=%2Fwp%2Fv2%2Fmedia&parent=61557"}],"wp:term":[{"taxonomy":"category","embeddable":true,"href":"https:\/\/2horizontes.com\/index.php?rest_route=%2Fwp%2Fv2%2Fcategories&post=61557"},{"taxonomy":"post_tag","embeddable":true,"href":"https:\/\/2horizontes.com\/index.php?rest_route=%2Fwp%2Fv2%2Ftags&post=61557"}],"curies":[{"name":"wp","href":"https:\/\/api.w.org\/{rel}","templated":true}]}}