{"id":61543,"date":"2017-01-07T22:40:09","date_gmt":"2017-01-07T21:40:09","guid":{"rendered":"http:\/\/2horizontes.com\/?p=61543"},"modified":"2017-01-07T22:40:09","modified_gmt":"2017-01-07T21:40:09","slug":"gerard-pique-se-mofa-de-un-periodista-de-okdiario","status":"publish","type":"post","link":"https:\/\/2horizontes.com\/?p=61543","title":{"rendered":"Gerard Piqu\u00e9 se mofa de un periodista de OKDiario"},"content":{"rendered":"<p>Gerard Piqu\u00e9 no ha desaprovechado la ocasi\u00f3n de acudir a las redes sociales para re\u00edrse este s\u00e1bado de un medio declaradamente madridista, OKDiario, y del error de uno de sus periodistas, \u00c1lvaro Ojeda, durante la retransmisi\u00f3n de la Cabalgata de Reyes en Madrid.<\/p>\n<p>Ojeda confundi\u00f3 a Cop\u00e9rnico con Crist\u00f3bal Col\u00f3n durante la retransmisi\u00f3n, tal y como le recrimina en directo la persona que va vestida como el astr\u00f3nomo encima de una carroza cuando Ojeda le saluda.<\/p>\n","protected":false},"excerpt":{"rendered":"<p>Gerard Piqu\u00e9 no ha desaprovechado la ocasi\u00f3n de acudir a las redes sociales para re\u00edrse este s\u00e1bado de un medio declaradamente madridista, OKDiario, y del error de uno de sus periodistas, \u00c1lvaro Ojeda, durante la retransmisi\u00f3n de la Cabalgata de Reyes en Madrid. Ojeda confundi\u00f3 a Cop\u00e9rnico con Crist\u00f3bal Col\u00f3n durante la retransmisi\u00f3n, tal y [&hellip;]<\/p>\n","protected":false},"author":3,"featured_media":61544,"comment_status":"open","ping_status":"open","sticky":false,"template":"","format":"standard","meta":{"footnotes":""},"categories":[42,85],"tags":[],"class_list":["post-61543","post","type-post","status-publish","format-standard","has-post-thumbnail","hentry","category-deportes","category-espana"],"_links":{"self":[{"href":"https:\/\/2horizontes.com\/index.php?rest_route=\/wp\/v2\/posts\/61543","targetHints":{"allow":["GET"]}}],"collection":[{"href":"https:\/\/2horizontes.com\/index.php?rest_route=\/wp\/v2\/posts"}],"about":[{"href":"https:\/\/2horizontes.com\/index.php?rest_route=\/wp\/v2\/types\/post"}],"author":[{"embeddable":true,"href":"https:\/\/2horizontes.com\/index.php?rest_route=\/wp\/v2\/users\/3"}],"replies":[{"embeddable":true,"href":"https:\/\/2horizontes.com\/index.php?rest_route=%2Fwp%2Fv2%2Fcomments&post=61543"}],"version-history":[{"count":1,"href":"https:\/\/2horizontes.com\/index.php?rest_route=\/wp\/v2\/posts\/61543\/revisions"}],"predecessor-version":[{"id":61545,"href":"https:\/\/2horizontes.com\/index.php?rest_route=\/wp\/v2\/posts\/61543\/revisions\/61545"}],"wp:featuredmedia":[{"embeddable":true,"href":"https:\/\/2horizontes.com\/index.php?rest_route=\/wp\/v2\/media\/61544"}],"wp:attachment":[{"href":"https:\/\/2horizontes.com\/index.php?rest_route=%2Fwp%2Fv2%2Fmedia&parent=61543"}],"wp:term":[{"taxonomy":"category","embeddable":true,"href":"https:\/\/2horizontes.com\/index.php?rest_route=%2Fwp%2Fv2%2Fcategories&post=61543"},{"taxonomy":"post_tag","embeddable":true,"href":"https:\/\/2horizontes.com\/index.php?rest_route=%2Fwp%2Fv2%2Ftags&post=61543"}],"curies":[{"name":"wp","href":"https:\/\/api.w.org\/{rel}","templated":true}]}}