{"id":61532,"date":"2017-01-07T22:18:52","date_gmt":"2017-01-07T21:18:52","guid":{"rendered":"http:\/\/2horizontes.com\/?p=61532"},"modified":"2017-01-07T22:18:52","modified_gmt":"2017-01-07T21:18:52","slug":"portugal-llora-la-muerte-de-la-figura-clave-en-su-transicion","status":"publish","type":"post","link":"https:\/\/2horizontes.com\/?p=61532","title":{"rendered":"Portugal llora la muerte de la figura clave en su transici\u00f3n"},"content":{"rendered":"<p>Portugal llora la muerte del hist\u00f3rico dirigente socialista y expresidente M\u00e1rio Soares, fallecido hoy a los 92 a\u00f1os en Lisboa y considerado como una figura clave en la construcci\u00f3n de la democracia portuguesa.<\/p>\n<p>Jefe del Estado luso entre 1986 y 1996, Soares muri\u00f3 pasadas las tres de la tarde en el Hospital Cruz Roja de la capital portuguesa, donde permanec\u00eda ingresado desde el 13 de diciembre, acompa\u00f1ado por sus dos hijos. El expresidente ingres\u00f3 en situaci\u00f3n cr\u00edtica y, tras una mejor\u00eda temporal, su estado de salud volvi\u00f3 a empeorar y se manten\u00eda en coma profundo desde el d\u00eda 26.<\/p>\n<p>El Gobierno luso decret\u00f3 tres d\u00edas de luto nacional, a partir del pr\u00f3ximo lunes, por el fallecimiento del \u2018patriarca\u2019 socialista, que ser\u00e1 despedido en un funeral con honras de Estado el pr\u00f3ximo martes.<\/p>\n<p>Su muerte coincidi\u00f3 con la visita de Estado a la India del primer ministro luso, el tambi\u00e9n socialista Ant\u00f3nio Costa, que transmiti\u00f3 sus condolencias a la familia del que defini\u00f3 como \u201cel rostro y la voz de nuestra libertad\u201d.<\/p>\n","protected":false},"excerpt":{"rendered":"<p>Portugal llora la muerte del hist\u00f3rico dirigente socialista y expresidente M\u00e1rio Soares, fallecido hoy a los 92 a\u00f1os en Lisboa y considerado como una figura clave en la construcci\u00f3n de la democracia portuguesa. Jefe del Estado luso entre 1986 y 1996, Soares muri\u00f3 pasadas las tres de la tarde en el Hospital Cruz Roja de [&hellip;]<\/p>\n","protected":false},"author":3,"featured_media":61533,"comment_status":"open","ping_status":"open","sticky":false,"template":"","format":"standard","meta":{"footnotes":""},"categories":[40],"tags":[],"class_list":["post-61532","post","type-post","status-publish","format-standard","has-post-thumbnail","hentry","category-internacionales"],"_links":{"self":[{"href":"https:\/\/2horizontes.com\/index.php?rest_route=\/wp\/v2\/posts\/61532","targetHints":{"allow":["GET"]}}],"collection":[{"href":"https:\/\/2horizontes.com\/index.php?rest_route=\/wp\/v2\/posts"}],"about":[{"href":"https:\/\/2horizontes.com\/index.php?rest_route=\/wp\/v2\/types\/post"}],"author":[{"embeddable":true,"href":"https:\/\/2horizontes.com\/index.php?rest_route=\/wp\/v2\/users\/3"}],"replies":[{"embeddable":true,"href":"https:\/\/2horizontes.com\/index.php?rest_route=%2Fwp%2Fv2%2Fcomments&post=61532"}],"version-history":[{"count":1,"href":"https:\/\/2horizontes.com\/index.php?rest_route=\/wp\/v2\/posts\/61532\/revisions"}],"predecessor-version":[{"id":61534,"href":"https:\/\/2horizontes.com\/index.php?rest_route=\/wp\/v2\/posts\/61532\/revisions\/61534"}],"wp:featuredmedia":[{"embeddable":true,"href":"https:\/\/2horizontes.com\/index.php?rest_route=\/wp\/v2\/media\/61533"}],"wp:attachment":[{"href":"https:\/\/2horizontes.com\/index.php?rest_route=%2Fwp%2Fv2%2Fmedia&parent=61532"}],"wp:term":[{"taxonomy":"category","embeddable":true,"href":"https:\/\/2horizontes.com\/index.php?rest_route=%2Fwp%2Fv2%2Fcategories&post=61532"},{"taxonomy":"post_tag","embeddable":true,"href":"https:\/\/2horizontes.com\/index.php?rest_route=%2Fwp%2Fv2%2Ftags&post=61532"}],"curies":[{"name":"wp","href":"https:\/\/api.w.org\/{rel}","templated":true}]}}