{"id":61477,"date":"2017-01-05T11:59:47","date_gmt":"2017-01-05T10:59:47","guid":{"rendered":"http:\/\/2horizontes.com\/?p=61477"},"modified":"2017-01-05T11:59:47","modified_gmt":"2017-01-05T10:59:47","slug":"detenido-por-transportar-casi-un-kilogramo-de-cocaina-en-el-interior-de-un-queso","status":"publish","type":"post","link":"https:\/\/2horizontes.com\/?p=61477","title":{"rendered":"Detenido por transportar casi un kilogramo de coca\u00edna en el interior de un queso"},"content":{"rendered":"<p>La Polic\u00eda Nacional ha detenido en C\u00f3rdoba a un hombre de 35 a\u00f1os que portaba casi un kilogramo de coca\u00edna en el interior de un queso.<\/p>\n<p>Durante un servicio preventivo de la delincuencia establecido con motivo de las fiestas navide\u00f1as, los agentes detectaron a un individuo en actitud sospechosa mientras circulaba por una calle del Sector Sur de la capital cordobesa.<\/p>\n<p>Esta persona fue requerida por los polic\u00edas, los cuales localizaron en primera instancia entre sus pertenencias numerosos comprimidos de sustancias que pueden ser utilizadas como excipientes para fabricar dosis de diversas sustancias estupefacientes, y adem\u00e1s de eso un queso de un kilogramo de peso.<\/p>\n<p>Los polic\u00edas, ante la actitud nerviosa de este hombre y dado que no facilitaba datos coherentes sobre las sustancias que portaba, procedieron a comprobar el interior del queso. As\u00ed descubrieron que estaba relleno de una sustancia que parec\u00eda ser coca\u00edna, con un peso bruto de 968 gramos, por lo que el sospechoso fue detenido por la presunta comisi\u00f3n de un delito contra la salud p\u00fablica.<\/p>\n","protected":false},"excerpt":{"rendered":"<p>La Polic\u00eda Nacional ha detenido en C\u00f3rdoba a un hombre de 35 a\u00f1os que portaba casi un kilogramo de coca\u00edna en el interior de un queso. Durante un servicio preventivo de la delincuencia establecido con motivo de las fiestas navide\u00f1as, los agentes detectaron a un individuo en actitud sospechosa mientras circulaba por una calle del [&hellip;]<\/p>\n","protected":false},"author":3,"featured_media":61478,"comment_status":"open","ping_status":"open","sticky":false,"template":"","format":"standard","meta":{"footnotes":""},"categories":[85],"tags":[],"class_list":["post-61477","post","type-post","status-publish","format-standard","has-post-thumbnail","hentry","category-espana"],"_links":{"self":[{"href":"https:\/\/2horizontes.com\/index.php?rest_route=\/wp\/v2\/posts\/61477","targetHints":{"allow":["GET"]}}],"collection":[{"href":"https:\/\/2horizontes.com\/index.php?rest_route=\/wp\/v2\/posts"}],"about":[{"href":"https:\/\/2horizontes.com\/index.php?rest_route=\/wp\/v2\/types\/post"}],"author":[{"embeddable":true,"href":"https:\/\/2horizontes.com\/index.php?rest_route=\/wp\/v2\/users\/3"}],"replies":[{"embeddable":true,"href":"https:\/\/2horizontes.com\/index.php?rest_route=%2Fwp%2Fv2%2Fcomments&post=61477"}],"version-history":[{"count":1,"href":"https:\/\/2horizontes.com\/index.php?rest_route=\/wp\/v2\/posts\/61477\/revisions"}],"predecessor-version":[{"id":61479,"href":"https:\/\/2horizontes.com\/index.php?rest_route=\/wp\/v2\/posts\/61477\/revisions\/61479"}],"wp:featuredmedia":[{"embeddable":true,"href":"https:\/\/2horizontes.com\/index.php?rest_route=\/wp\/v2\/media\/61478"}],"wp:attachment":[{"href":"https:\/\/2horizontes.com\/index.php?rest_route=%2Fwp%2Fv2%2Fmedia&parent=61477"}],"wp:term":[{"taxonomy":"category","embeddable":true,"href":"https:\/\/2horizontes.com\/index.php?rest_route=%2Fwp%2Fv2%2Fcategories&post=61477"},{"taxonomy":"post_tag","embeddable":true,"href":"https:\/\/2horizontes.com\/index.php?rest_route=%2Fwp%2Fv2%2Ftags&post=61477"}],"curies":[{"name":"wp","href":"https:\/\/api.w.org\/{rel}","templated":true}]}}