{"id":6145,"date":"2015-05-07T14:23:56","date_gmt":"2015-05-07T13:23:56","guid":{"rendered":"http:\/\/2horizontes.com\/?p=6145"},"modified":"2015-05-07T14:23:56","modified_gmt":"2015-05-07T13:23:56","slug":"en-la-habana-generales-y-guerrilleros-colombianos-disenan-el-fin-del-conflicto","status":"publish","type":"post","link":"https:\/\/2horizontes.com\/?p=6145","title":{"rendered":"En La Habana generales y guerrilleros colombianos dise\u00f1an el fin del conflicto"},"content":{"rendered":"<div id=\"ArticleAuthorDiv\" class=\"article-body-author\"><b>AFP<\/b><\/div>\n<div id=\"ArticleSourceDiv\" class=\"article-body-author\"><b>LA HABANA<\/b><\/div>\n<div id=\"ArticleBody\">\n<p>Generales colombianos y guerrilleros de las FARC iniciaron ayer una sesi\u00f3n de trabajo de tres d\u00edas para dise\u00f1ar el fin del conflicto armado, mientras las negociaciones simult\u00e1neas sobre reparaci\u00f3n de las v\u00edctimas parecen estancadas.<\/p>\n<p>\u00abArrancamos hoy (ayer) tres d\u00edas con la subcomisi\u00f3n del fin del conflicto\u00bb, que debe dise\u00f1ar los pasos para silenciar las armas tras medio siglo, dijo a la prensa una fuente del equipo del gobierno colombiano en La Habana.<\/p>\n<p>Efectivamente el general Javier Fl\u00f3rez, jefe de los militares colombianos de este equipo conjunto, ingres\u00f3 ayer con los dem\u00e1s delegados del gobierno al Palacio de Convenciones de La Habana, sede de las pl\u00e1ticas de paz, observ\u00f3 un periodista de la AFP. Su contraparte es el comandante guerrillero Carlos Antonio Lozada.<\/p>\n<p>La fuente del gobierno confirm\u00f3 adem\u00e1s que concluyeron las sesiones de trabajo (tambi\u00e9n de tres d\u00edas) de otro equipo conjunto que prepara los protocolos para iniciar la limpieza de los campos minados \u00abcuanto antes\u00bb, con participaci\u00f3n de una agencia noruega especializada.<\/p>\n<p>\u00abLas subcomisiones (de desarme y desminado) son las que m\u00e1s han avanzado\u00bb en las \u00faltimas semanas de di\u00e1logos, expres\u00f3 la fuente, que admiti\u00f3 que \u00abtodav\u00eda (est\u00e1) bastante lejano\u00bb un acuerdo parcial sobre v\u00edctimas, que los negociadores de ambas partes discuten desde hace nueve meses.<\/p>\n<p>El tema que paraliza el punto sobre v\u00edctimas es el de la \u00abjusticia transicional\u00bb, pues las FARC se niegan a sellar un acuerdo que implique c\u00e1rcel para los guerrilleros, seg\u00fan fuentes de ambas partes.<\/p>\n<p>El conflicto armado colombiano ha dejado 220.000 muertos y 5,5 millones de desplazados, seg\u00fan cifras oficiales.<\/p>\n<p>Adem\u00e1s de los desacuerdos sobre justicia, las negociaciones enfrentan un complejo escenario desde el 15 de abril, cuando guerrilleros mataron a 11 militares en una emboscada en medio de una tregua unilateral por tiempo indefinido de las Fuerzas Armadas Revolucionarias de Colombia (FARC).<\/p>\n<p>Este ciclo de di\u00e1logos, el trig\u00e9simo sexto, culminar\u00e1 el viernes y se especula que las partes podr\u00edan anunciar ese d\u00eda el inicio de los trabajos de desminado, acordados en marzo.<\/p>\n<p>El jefe negociador del gobierno, Humberto de la Calle, debe llegar este mi\u00e9rcoles a La Habana para participar en las conversaciones del cierre del ciclo, tras haber viajado a Bogot\u00e1 el lunes a atender una situaci\u00f3n familiar.<\/p>\n<p>Las negociaciones de paz comenzaron en noviembre de 2012.<\/p>\n<\/div>\n","protected":false},"excerpt":{"rendered":"<p>AFP LA HABANA Generales colombianos y guerrilleros de las FARC iniciaron ayer una sesi\u00f3n de trabajo de tres d\u00edas para dise\u00f1ar el fin del conflicto armado, mientras las negociaciones simult\u00e1neas sobre reparaci\u00f3n de las v\u00edctimas parecen estancadas. \u00abArrancamos hoy (ayer) tres d\u00edas con la subcomisi\u00f3n del fin del conflicto\u00bb, que debe dise\u00f1ar los pasos para [&hellip;]<\/p>\n","protected":false},"author":7,"featured_media":6175,"comment_status":"open","ping_status":"open","sticky":false,"template":"","format":"standard","meta":{"footnotes":""},"categories":[50,49,40],"tags":[],"class_list":["post-6145","post","type-post","status-publish","format-standard","has-post-thumbnail","hentry","category-colombia","category-cuba","category-internacionales"],"_links":{"self":[{"href":"https:\/\/2horizontes.com\/index.php?rest_route=\/wp\/v2\/posts\/6145","targetHints":{"allow":["GET"]}}],"collection":[{"href":"https:\/\/2horizontes.com\/index.php?rest_route=\/wp\/v2\/posts"}],"about":[{"href":"https:\/\/2horizontes.com\/index.php?rest_route=\/wp\/v2\/types\/post"}],"author":[{"embeddable":true,"href":"https:\/\/2horizontes.com\/index.php?rest_route=\/wp\/v2\/users\/7"}],"replies":[{"embeddable":true,"href":"https:\/\/2horizontes.com\/index.php?rest_route=%2Fwp%2Fv2%2Fcomments&post=6145"}],"version-history":[{"count":1,"href":"https:\/\/2horizontes.com\/index.php?rest_route=\/wp\/v2\/posts\/6145\/revisions"}],"predecessor-version":[{"id":6176,"href":"https:\/\/2horizontes.com\/index.php?rest_route=\/wp\/v2\/posts\/6145\/revisions\/6176"}],"wp:featuredmedia":[{"embeddable":true,"href":"https:\/\/2horizontes.com\/index.php?rest_route=\/wp\/v2\/media\/6175"}],"wp:attachment":[{"href":"https:\/\/2horizontes.com\/index.php?rest_route=%2Fwp%2Fv2%2Fmedia&parent=6145"}],"wp:term":[{"taxonomy":"category","embeddable":true,"href":"https:\/\/2horizontes.com\/index.php?rest_route=%2Fwp%2Fv2%2Fcategories&post=6145"},{"taxonomy":"post_tag","embeddable":true,"href":"https:\/\/2horizontes.com\/index.php?rest_route=%2Fwp%2Fv2%2Ftags&post=6145"}],"curies":[{"name":"wp","href":"https:\/\/api.w.org\/{rel}","templated":true}]}}