{"id":61346,"date":"2016-12-30T12:48:00","date_gmt":"2016-12-30T11:48:00","guid":{"rendered":"http:\/\/2horizontes.com\/?p=61346"},"modified":"2016-12-30T12:48:00","modified_gmt":"2016-12-30T11:48:00","slug":"los-precios-y-tarifas-que-suben-y-bajan-en-2017","status":"publish","type":"post","link":"https:\/\/2horizontes.com\/?p=61346","title":{"rendered":"Los precios y tarifas que suben y bajan en 2017"},"content":{"rendered":"<p>La llegada del nuevo a\u00f1o supondr\u00e1 la revisi\u00f3n de los precios de los servicios para 2017. Es hora de hacerse la pregunta de cada fin de a\u00f1o: \u00bfqu\u00e9 precios suben y qu\u00e9 precios bajan? Ser\u00e1 un a\u00f1o marcado por la escalada del precio del petr\u00f3leo, que encarecer\u00e1 carburantes y energ\u00eda y podr\u00eda repercutir sobre el precio de los productos de consumo.<\/p>\n<p>En algunos casos, como el precio de la vivienda o del agua, depender\u00e1 del territorio en el que se viva. Pero, en general, no se podr\u00e1 escapar a servicios m\u00e1s caros.<\/p>\n<p>Electricidad, pendiente de las compa\u00f1\u00edas<\/p>\n<p>La parte regulada, que depende del Gobierno, se congela. Comprende lo que se conoce como peajes, que suponen alrededor de un tercio del recibo. Eso s\u00ed, la parte no regulada puede subir. El propio ministro de Energ\u00eda, \u00c1lvaro Nadal, reconoci\u00f3 que la evoluci\u00f3n de la climatolog\u00eda y del precio de las materias primas pueden encarecer la factura. La subida, pues, depender\u00e1 de las el\u00e9ctricas.<\/p>\n<p>Por otro lado, se ha reformulado el bono social para proteger a los consumidores m\u00e1s vulnerables. Supone un descuento del 25% en la factura final de electricidad al que est\u00e1n acogidas 7 millones de personas, entre hogares con todos sus miembros en paro, perceptores de pensiones m\u00ednimas, familias numerosas y consumidores con potencia contratada inferior a 3 kilovatios.<\/p>\n<p>El agua, en funci\u00f3n del territorio<\/p>\n<p>Va en funci\u00f3n del territorio. En Barcelona y Madrid las tarifas se han congelado. En el caso del \u00e1rea metropolitana de la ciudad condal, la factura deb\u00eda subir un 4,6%, pero el Govern rechaz\u00f3 el aumento, por lo que la situaci\u00f3n seguir\u00e1 igual. En Madrid, adem\u00e1s del mantenimiento de las tarifas, se ampliar\u00e1 el alcance de la tarifa social.<\/p>\n<p>En el conjunto de Espa\u00f1a los precios var\u00edan de forma destacada. Si se comparan ciudades, las diferencias en el precio del consumo llegan hasta el 349,3%, conclu\u00eda un estudio publicado recientemente.<\/p>\n<p>Vivienda, al alza en las grandes ciudades<\/p>\n<p>El sector apunta a un a\u00f1o de recuperaci\u00f3n. Los precios ir\u00e1n, en general, al alza, sobre todo en grandes ciudades como Madrid, Barcelona, Sevilla, San Sebasti\u00e1n o Alicante. Las buenas noticias las da el Euribor, el \u00edndice al que est\u00e1n referenciadas la mayor\u00eda de las hipotecas en Espa\u00f1a. Seguir\u00e1 en m\u00ednimos hist\u00f3ricos: 2016 lo cerr\u00f3 con una tasa del -0,080%. Aquellas hipotecas que lo tengan de referencia ver\u00e1n abaratados los pagos mensuales.<\/p>\n","protected":false},"excerpt":{"rendered":"<p>La llegada del nuevo a\u00f1o supondr\u00e1 la revisi\u00f3n de los precios de los servicios para 2017. Es hora de hacerse la pregunta de cada fin de a\u00f1o: \u00bfqu\u00e9 precios suben y qu\u00e9 precios bajan? Ser\u00e1 un a\u00f1o marcado por la escalada del precio del petr\u00f3leo, que encarecer\u00e1 carburantes y energ\u00eda y podr\u00eda repercutir sobre el [&hellip;]<\/p>\n","protected":false},"author":3,"featured_media":61347,"comment_status":"open","ping_status":"open","sticky":false,"template":"","format":"standard","meta":{"footnotes":""},"categories":[85],"tags":[],"class_list":["post-61346","post","type-post","status-publish","format-standard","has-post-thumbnail","hentry","category-espana"],"_links":{"self":[{"href":"https:\/\/2horizontes.com\/index.php?rest_route=\/wp\/v2\/posts\/61346","targetHints":{"allow":["GET"]}}],"collection":[{"href":"https:\/\/2horizontes.com\/index.php?rest_route=\/wp\/v2\/posts"}],"about":[{"href":"https:\/\/2horizontes.com\/index.php?rest_route=\/wp\/v2\/types\/post"}],"author":[{"embeddable":true,"href":"https:\/\/2horizontes.com\/index.php?rest_route=\/wp\/v2\/users\/3"}],"replies":[{"embeddable":true,"href":"https:\/\/2horizontes.com\/index.php?rest_route=%2Fwp%2Fv2%2Fcomments&post=61346"}],"version-history":[{"count":1,"href":"https:\/\/2horizontes.com\/index.php?rest_route=\/wp\/v2\/posts\/61346\/revisions"}],"predecessor-version":[{"id":61348,"href":"https:\/\/2horizontes.com\/index.php?rest_route=\/wp\/v2\/posts\/61346\/revisions\/61348"}],"wp:featuredmedia":[{"embeddable":true,"href":"https:\/\/2horizontes.com\/index.php?rest_route=\/wp\/v2\/media\/61347"}],"wp:attachment":[{"href":"https:\/\/2horizontes.com\/index.php?rest_route=%2Fwp%2Fv2%2Fmedia&parent=61346"}],"wp:term":[{"taxonomy":"category","embeddable":true,"href":"https:\/\/2horizontes.com\/index.php?rest_route=%2Fwp%2Fv2%2Fcategories&post=61346"},{"taxonomy":"post_tag","embeddable":true,"href":"https:\/\/2horizontes.com\/index.php?rest_route=%2Fwp%2Fv2%2Ftags&post=61346"}],"curies":[{"name":"wp","href":"https:\/\/api.w.org\/{rel}","templated":true}]}}