{"id":61325,"date":"2016-12-30T12:09:24","date_gmt":"2016-12-30T11:09:24","guid":{"rendered":"http:\/\/2horizontes.com\/?p=61325"},"modified":"2016-12-30T12:09:24","modified_gmt":"2016-12-30T11:09:24","slug":"madrid-prohibe-el-acceso-a-camiones-hasta-el-6-de-enero-para-prevenir-atentados","status":"publish","type":"post","link":"https:\/\/2horizontes.com\/?p=61325","title":{"rendered":"Madrid proh\u00edbe el acceso a camiones hasta el 6 de enero para prevenir atentados"},"content":{"rendered":"<p>El Consistorio de Madrid ha aprobado la prohibici\u00f3n de circulaci\u00f3n a camiones y veh\u00edculos de transporte de personas y mercanc\u00edas de m\u00e1s de 3.500 kilos durante los d\u00edas 3, 4 y 5 de enero, con motivo de la celebraci\u00f3n de las cabalgatas de Reyes en varios distritos de la capital.<\/p>\n<p>De esta manera los camiones y veh\u00edculos de transporte que circulen dentro de los per\u00edmetros de seguridad de cada distrito se enfrentar\u00e1n a una sanci\u00f3n administrativa a\u00fan por determinar aunque, a falta de que lo confirme el Ayuntamiento, tambi\u00e9n podr\u00edan incurrir en una il\u00edcito penal. Los veh\u00edculos pesados aparcados dentro de los per\u00edmetros de seguridad en la franja horaria y el d\u00eda establecido ser\u00e1n retirados por la gr\u00faa municipal siempre que no se pueda localizar al conductor del mismo.<\/p>\n<p>Esta hist\u00f3rica medida, que se aplicar\u00e1 en determinados tramos horarios para no perjudicar algunos servicios de env\u00edo y recogida de mercanc\u00edas, viene a elevar un grado m\u00e1s el refuerzo antiterrotista de la Delegaci\u00f3n de Gobierno para evitar que sucedan atentados yihadistas como los ocurridos en Niza o Berl\u00edn.<\/p>\n<p>La excepci\u00f3n de los autobuses<\/p>\n<p>La excepci\u00f3n en este caso ser\u00e1 para los autobuses municipales destinados al transporte de viajeros, a los autobuses tur\u00edsticos, a los autobuses especiales de transporte de viajeros para ver la iluminaci\u00f3n navide\u00f1a, a los autobuses interurbanos de l\u00ednea regular con inicio y final en las zonas acotadas en cada distrito, a las unidades m\u00f3viles de producci\u00f3n y retransmisi\u00f3n audiovisual. Todos los dem\u00e1s deber\u00e1n solicitar previamente una autorizaci\u00f3n espec\u00edfica de la Direcci\u00f3n General de la Polic\u00eda Municipal de Madrid.<\/p>\n<p>Esta misma semana la Delegaci\u00f3n de Gobierno de Madrid anunci\u00f3 otras medidas excepcionales para reforzar la vigilancia durante las fiestas y evitar atentados con veh\u00edculos pesados cometidos por grupos organizados o individuos aislados. Entre ellas se acord\u00f3 la instalaci\u00f3n de bolardos y jardineras y m\u00e1s controles de seguridad en el entorno de la zona centro de la capital.<\/p>\n<p>Estas medidas se suman a la colocaci\u00f3n de elementos arquitect\u00f3nicos como maceteros, bolardos o incluso camiones del Selur para bloquear el paso de camiones o coches a determinadas calles cercanas a la Puerta del Sol durante Nochevieja o a las calles del recorrido de la Cabalgata de Reyes.<\/p>\n","protected":false},"excerpt":{"rendered":"<p>El Consistorio de Madrid ha aprobado la prohibici\u00f3n de circulaci\u00f3n a camiones y veh\u00edculos de transporte de personas y mercanc\u00edas de m\u00e1s de 3.500 kilos durante los d\u00edas 3, 4 y 5 de enero, con motivo de la celebraci\u00f3n de las cabalgatas de Reyes en varios distritos de la capital. De esta manera los camiones [&hellip;]<\/p>\n","protected":false},"author":3,"featured_media":61326,"comment_status":"open","ping_status":"open","sticky":false,"template":"","format":"standard","meta":{"footnotes":""},"categories":[85],"tags":[],"class_list":["post-61325","post","type-post","status-publish","format-standard","has-post-thumbnail","hentry","category-espana"],"_links":{"self":[{"href":"https:\/\/2horizontes.com\/index.php?rest_route=\/wp\/v2\/posts\/61325","targetHints":{"allow":["GET"]}}],"collection":[{"href":"https:\/\/2horizontes.com\/index.php?rest_route=\/wp\/v2\/posts"}],"about":[{"href":"https:\/\/2horizontes.com\/index.php?rest_route=\/wp\/v2\/types\/post"}],"author":[{"embeddable":true,"href":"https:\/\/2horizontes.com\/index.php?rest_route=\/wp\/v2\/users\/3"}],"replies":[{"embeddable":true,"href":"https:\/\/2horizontes.com\/index.php?rest_route=%2Fwp%2Fv2%2Fcomments&post=61325"}],"version-history":[{"count":1,"href":"https:\/\/2horizontes.com\/index.php?rest_route=\/wp\/v2\/posts\/61325\/revisions"}],"predecessor-version":[{"id":61327,"href":"https:\/\/2horizontes.com\/index.php?rest_route=\/wp\/v2\/posts\/61325\/revisions\/61327"}],"wp:featuredmedia":[{"embeddable":true,"href":"https:\/\/2horizontes.com\/index.php?rest_route=\/wp\/v2\/media\/61326"}],"wp:attachment":[{"href":"https:\/\/2horizontes.com\/index.php?rest_route=%2Fwp%2Fv2%2Fmedia&parent=61325"}],"wp:term":[{"taxonomy":"category","embeddable":true,"href":"https:\/\/2horizontes.com\/index.php?rest_route=%2Fwp%2Fv2%2Fcategories&post=61325"},{"taxonomy":"post_tag","embeddable":true,"href":"https:\/\/2horizontes.com\/index.php?rest_route=%2Fwp%2Fv2%2Ftags&post=61325"}],"curies":[{"name":"wp","href":"https:\/\/api.w.org\/{rel}","templated":true}]}}