{"id":61222,"date":"2016-12-27T18:26:20","date_gmt":"2016-12-27T17:26:20","guid":{"rendered":"http:\/\/2horizontes.com\/?p=61222"},"modified":"2016-12-27T18:26:20","modified_gmt":"2016-12-27T17:26:20","slug":"del-brexit-a-donald-trump-fue-2016-un-mal-ano-para-la-democracia-como-dicen-muchos","status":"publish","type":"post","link":"https:\/\/2horizontes.com\/?p=61222","title":{"rendered":"Del Brexit a Donald Trump: \u00bffue 2016 un mal a\u00f1o para la democracia, como dicen muchos?"},"content":{"rendered":"<div class=\"story-body__inner\">\n<figure class=\"media-landscape has-caption full-width lead\"><\/figure>\n<p class=\"story-body__introduction\">Si por algo ser\u00e1 recordado 2016 es porque, en varios pa\u00edses de Occidente, votantes descontentos u olvidados por el \u00abestablishment\u00bb le dieron un contundente puntapi\u00e9 al tablero pol\u00edtico.<\/p>\n<p>Fue un a\u00f1o que sorprendi\u00f3 a numerosos observadores, pero no a <strong>muchos votantes alienados que se sintieron reivindicados <\/strong>en procesos democr\u00e1ticos tradicionales como elecciones y referendos, que anteriormente los decepcionaban o no les interesaban.<\/p>\n<p>Y con una particularidad: \u00abEl descontento y la incertidumbre en un sector la poblaci\u00f3n fue <strong>aprovechado por la derecha<\/strong>\u00ab, le explica a BBC Mundo David Held, profesor de pol\u00edtica y relaciones internacionales de la Universidad de Durham, en Reino Unido.<\/p>\n<p>Dirigentes at\u00edpicos que antes hubieran sido considerados \u00abpol\u00edticamente incorrectos\u00bb, como <strong>Donald Trump<\/strong> en EE.UU., <strong>Nigel Farage<\/strong> en Reino Unido y <strong>Beppe Grillo<\/strong> en Italia, se volvieron voces triunfantes de ese electorado.<\/p>\n<ul class=\"story-body__unordered-list\">\n<li class=\"story-body__list-item\"><a class=\"story-body__link\" href=\"http:\/\/www.bbc.com\/mundo\/noticias-internacional-36907251\">\u00bfPor qu\u00e9 la izquierda no se ha beneficiado con la crisis econ\u00f3mica mundial? (y la derecha s\u00ed)<\/a><\/li>\n<\/ul>\n<figure class=\"media-landscape has-caption full-width\"><span class=\"image-and-copyright-container\"><img loading=\"lazy\" decoding=\"async\" class=\"responsive-image__img js-image-replace\" src=\"http:\/\/ichef.bbci.co.uk\/news\/624\/cpsprodpb\/1765B\/production\/_93053859_hi034327846.jpg\" alt=\"Donald Trump\" width=\"976\" height=\"549\" data-highest-encountered-width=\"624\" \/><span class=\"off-screen\">Image copyright<\/span><span class=\"story-image-copyright\">REUTERS<\/span><\/span><figcaption class=\"media-caption\"><span class=\"off-screen\">Image caption<\/span><span class=\"media-caption__text\">El triunfo de Donald Trump en EE.UU. consolid\u00f3 una nueva manera de hacer pol\u00edtica.<\/span><\/figcaption><\/figure>\n<p>\u00abClaramente, estamos ante el inicio de <strong>una nueva era<\/strong>\u00ab, asegura Held, autor de numerosos art\u00edculos y libros sobre democracia y globalizaci\u00f3n.<\/p>\n<p>\u00abEs una era marcada por el triunfo del <strong>miedo<\/strong> y de la ira, una <strong>descarada falta de respeto por la verdad<\/strong>, la<strong> xenofobia<\/strong>, el <strong>debilitamiento de las ideas liberales<\/strong> y el <strong>rechazo a los logros de la globalizaci\u00f3n econ\u00f3mica<\/strong>\u00ab.<\/p>\n<p>Al punto que 2016 dej\u00f3 una serie de preguntas de fondo y hasta inc\u00f3modas: \u00bfest\u00e1 en crisis la democracia tal como la conocemos?, \u00bfdej\u00f3 de funcionar esta forma de gobierno antiqu\u00edsima? y, en \u00faltimo t\u00e9rmino, \u00bfdeber\u00eda ser replanteada en su forma actual?<\/p>\n<h2 class=\"story-body__crosshead\">\u00abEl peor a\u00f1o\u00bb<\/h2>\n<p>\u00abLa democracia ha tenido una mala d\u00e9cada\u00bb, le dice a BBC Mundo el profesor Brian Klaas, experto en pol\u00edticas comparadas y democracia global de la <i>London School of Economics<\/i>, en Reino Unido.<\/p>\n<p>Seg\u00fan \u00e9l, desde 2006 m\u00faltiples indicadores han mostrado que, a\u00f1o tras a\u00f1o, <strong>el mundo se ha vuelto menos democr\u00e1tico<\/strong>; los reg\u00edmenes autoritarios se han propagado y han echado ra\u00edces en sitios considerados democr\u00e1ticos, como en el caso de Filipinas con el presidente Rodrigo Duterte.<\/p>\n<ul class=\"story-body__unordered-list\">\n<li class=\"story-body__list-item\"><a class=\"story-body__link\" href=\"http:\/\/www.bbc.com\/mundo\/noticias-internacional-37517307\">Presidente de Filipinas dice que estar\u00eda feliz de matar a drogadictos como Hitler masacr\u00f3 a jud\u00edos<\/a><\/li>\n<\/ul>\n<div id=\"bbc-news-vj-iframe-content-placeholder\"><\/div>\n<div id=\"ns_datapic_democracia-1\" class=\"idt__mundo ns_datapic_quote ns_datapic_quote--democracia-1 newsspec_infographic_template\">\n<div class=\"ns_outer_wrapper ns_outer_wrapper__align-top\">\n<div class=\"ns_inner_wrapper\">\n<div class=\"ns_quote_mark\"><\/div>\n<p class=\"ns_quote ns_quote__size--medium\">En la \u00faltima d\u00e9cada, 2016 fue claramente el peor a\u00f1o para la democracia en el mundo\u00bb<\/p>\n<div class=\"ns_author ns_\">Brian Klaas, London School of Economics<\/div>\n<\/div>\n<\/div>\n<\/div>\n<p>Y sobre este a\u00f1o que acaba, Klaas concluye sin dudar: \u00abEn la \u00faltima d\u00e9cada, <strong>2016 fue claramente el peor a\u00f1o<\/strong> para la democracia en el mundo\u00bb.<\/p>\n<p>\u00abY no s\u00f3lo por resultados individuales de elecciones y referendos, sino tambi\u00e9n porque un n\u00famero cada vez mayor de personas est\u00e1 cuestionando a la democracia como la forma ideal de gobierno\u00bb, precisa.<\/p>\n<h2 class=\"story-body__crosshead\">El shock del Brexit<\/h2>\n<p>El primer gran hecho que dej\u00f3 perplejos a muchos en 2016 fue el referendo celebrado en Reino Unido el 23 de junio.<\/p>\n<p>Al contrario de lo que hab\u00edan pronosticado encuestas y analistas,<strong> la mayor\u00eda de los brit\u00e1nicos vot\u00f3 a favor de abandonar la Uni\u00f3n Europea<\/strong> (UE), el llamado Brexit.<\/p>\n<ul class=\"story-body__unordered-list\">\n<li class=\"story-body__list-item\">Qu\u00e9 piensan los habitantes de Boston, el lugar de Reino Unido que m\u00e1s vot\u00f3 por el Brexit<\/li>\n<\/ul>\n<p>Hay consenso entre los analistas en que la victoria del \u00abNo\u00bb se debi\u00f3 a que la consulta se convirti\u00f3, m\u00e1s que en un referendo sobre la UE, en uno sobre<strong> inmigraci\u00f3n<\/strong>, los <strong>temores de la gente por su futuro<\/strong> y la utop\u00eda de que <strong>Reino Unido ser\u00eda m\u00e1s pr\u00f3spero de manera independiente<\/strong>.<\/p>\n<figure class=\"media-landscape has-caption full-width\"><span class=\"image-and-copyright-container\"><img loading=\"lazy\" decoding=\"async\" class=\"responsive-image__img js-image-replace\" src=\"http:\/\/ichef-1.bbci.co.uk\/news\/624\/cpsprodpb\/1012B\/production\/_93053856_thinkstockphotos-542714930.jpg\" alt=\"Brexit\" width=\"976\" height=\"549\" data-highest-encountered-width=\"624\" \/><span class=\"off-screen\">Image copyright<\/span><span class=\"story-image-copyright\">THINKSTOCK<\/span><\/span><figcaption class=\"media-caption\"><span class=\"off-screen\">Image caption<\/span><span class=\"media-caption__text\">El Brexit fue el primer gran corte del a\u00f1o al tejido de la democracia.<\/span><\/figcaption><\/figure>\n<p>\u00abLo incre\u00edble del referendo en Reino Unido es que muchos <strong>no respondieron a la pregunta que se h<\/strong><strong>izo<\/strong>\u00ab, dice David Held, de la Universidad de Durham.<\/p>\n<p>\u00abLo que pone de relieve el problema fundamental de este tipo de consultas: no son aptas para definir problemas complejos que son cruciales para el destino de un pa\u00eds\u00bb.<\/p>\n<p>Klaas coincide y a\u00f1ade: \u00abLa sencilla pregunta del referendo, si quedarse o abandonar la UE, implicaba toda una gama de <strong>cuestiones complicadas e interrelacionadas<\/strong>, y dif\u00edcilmente pod\u00eda decidirse sobre ellas con la informaci\u00f3n disponible en aquel momento y en un plazo tan limitado\u00bb.<\/p>\n<p>Y ambos acad\u00e9micos llaman la atenci\u00f3n sobre el hecho de que muchos votantes decidieron su voto en base a <strong>una mentira<\/strong>: la promesa de la campa\u00f1a por el \u00abNo\u00bb (reconocida a <i>posteriori <\/i>como falsa por sus promotores) de que se inyectar\u00edan unos US$430 millones extra al servicio nacional de salud.<\/p>\n<figure class=\"media-landscape has-caption full-width\"><span class=\"image-and-copyright-container\"><img loading=\"lazy\" decoding=\"async\" class=\"responsive-image__img js-image-replace\" src=\"http:\/\/ichef-1.bbci.co.uk\/news\/624\/cpsprodpb\/15BD5\/production\/_93054098_hi036746384.jpg\" alt=\"Nigel Farage\" width=\"976\" height=\"549\" data-highest-encountered-width=\"624\" \/><span class=\"off-screen\">Image copyright<\/span><span class=\"story-image-copyright\">PA<\/span><\/span><figcaption class=\"media-caption\"><span class=\"off-screen\">Image caption<\/span><span class=\"media-caption__text\">Nigel Farage, uno de las figuras de la campa\u00f1a para que Reino Unido abadone la Uni\u00f3n Europea.<\/span><\/figcaption><\/figure>\n<h2 class=\"story-body__crosshead\">Avance de la extrema derecha en Europa<\/h2>\n<p>Tambi\u00e9n en 2016 se vieron los problemas en la democracia de <strong>Espa\u00f1a<\/strong>, que tuvo serios inconvenientes para formar mayor\u00edas y un nuevo gobierno.<\/p>\n<ul class=\"story-body__unordered-list\">\n<li class=\"story-body__list-item\">4 razones por las que Espa\u00f1a lleva m\u00e1s de 300 d\u00edas sin gobierno<\/li>\n<\/ul>\n<p>Fuimos testigos, por otra parte, de la humillante derrota (y renuncia) del primer ministro de <strong>Italia<\/strong> Matteo Renzi en un referendo para reformar el sistema pol\u00edtico.<\/p>\n<p>En \u00e9l -de manera similar que en Reino Unido- la derecha encabezada por Beppe Grillo sac\u00f3 provecho de un discurso antisistema y de rechazo a la UE y sus \u00abimposiciones\u00bb econ\u00f3micas y pol\u00edticas.<\/p>\n<ul class=\"story-body__unordered-list\">\n<li class=\"story-body__list-item\">Qu\u00e9 pasar\u00e1 tras la renuncia del primer ministro Matteo Renzi y otras preguntas sobre el futuro de Europa<\/li>\n<\/ul>\n<figure class=\"media-landscape has-caption full-width\"><span class=\"image-and-copyright-container\"><img loading=\"lazy\" decoding=\"async\" class=\"responsive-image__img js-image-replace\" src=\"http:\/\/ichef.bbci.co.uk\/news\/624\/cpsprodpb\/3DDB\/production\/_93053851_hi036695617.jpg\" alt=\"Matteo Renzi, ex primer ministro de Italia\" width=\"976\" height=\"549\" data-highest-encountered-width=\"624\" \/><span class=\"off-screen\">Image copyright<\/span><span class=\"story-image-copyright\">EPA<\/span><\/span><figcaption class=\"media-caption\"><span class=\"off-screen\">Image caption<\/span><span class=\"media-caption__text\">Matteo Renzi en Italia quiso el \u00abS\u00ed\u00bb, pero los votantes le dijeron \u00abNo\u00bb.<\/span><\/figcaption><\/figure>\n<p>Y en <strong>Francia<\/strong> y <strong>Alemania<\/strong> los movimientos de extrema derecha populista de Marine Le Pen y Alternativa por Alemania (AfD) ampliaron su base de apoyo, igualmente con un programa anti-<i>establishment<\/i> y de rechazo a lo for\u00e1neo, y podr\u00edan consolidarse en las elecciones que se celebrar\u00e1n el a\u00f1o pr\u00f3ximo.<\/p>\n<p>En <strong>Austria<\/strong> perdi\u00f3 al candidato presidencial de esa misma tendencia pol\u00edtica, Norbert Hofer, pero dej\u00f3 en claro que representa a una fuerza en ascenso.<\/p>\n<ul class=\"story-body__unordered-list\">\n<li class=\"story-body__list-item\">Qui\u00e9n es Alexander Van der Bellen, el ecologista que derrot\u00f3 a la ultraderecha en Austria<\/li>\n<\/ul>\n<p>Pero quiz\u00e1s lo m\u00e1s llamativo del a\u00f1o fue lo que ocurri\u00f3 en <strong>EE.UU., la democracia m\u00e1s poderosa del mundo<\/strong>.<\/p>\n<figure class=\"media-landscape has-caption full-width\"><span class=\"image-and-copyright-container\"><img loading=\"lazy\" decoding=\"async\" class=\"responsive-image__img js-image-replace\" src=\"http:\/\/ichef-1.bbci.co.uk\/news\/624\/cpsprodpb\/A302\/production\/_93103714_hi036308346.jpg\" alt=\"Marine Le Pen\" width=\"976\" height=\"549\" data-highest-encountered-width=\"624\" \/><span class=\"off-screen\">Image copyright<\/span><span class=\"story-image-copyright\">GETTY IMAGES<\/span><\/span><figcaption class=\"media-caption\"><span class=\"off-screen\">Image caption<\/span><span class=\"media-caption__text\">Marine Le Pen, l\u00edder del Frente Nacional, es la representante de la extrema derecha en Francia.<\/span><\/figcaption><\/figure>\n<h2 class=\"story-body__crosshead\">La carta ganadora de Trump<\/h2>\n<p>All\u00ed el magnate Donald Trump no s\u00f3lo impresion\u00f3 al ganar las primarias republicanas, sino tambi\u00e9n al lograr una c\u00f3moda victoria en las elecciones presidenciales del 8 de noviembre.<\/p>\n<ul class=\"story-body__unordered-list\">\n<li class=\"story-body__list-item\">\u00bfQu\u00e9 tipo de gobierno se puede esperar de Trump?<\/li>\n<\/ul>\n<p>Y lo hizo protagonizando una campa\u00f1a que a\u00f1os antes no hubiera llegado muy lejos.<\/p>\n<p>Bajo el lema \u00ab<strong>Ha<\/strong><strong>cer<\/strong><strong> a EE.UU. grande otra vez<\/strong>\u00ab, atac\u00f3 frontalmente al <i>establishment<\/i> de Washington, al que acus\u00f3 de corrupto y alejado de las necesidades del electorado.<\/p>\n<p>Present\u00f3 a los <strong>inmigrantes como criminales<\/strong> (los mexicanos \u00abson violadores\u00bb) y como una amenaza para la seguridad del pa\u00eds, e incluso prometi\u00f3 construir un <strong>muro<\/strong> entre EE.UU. y M\u00e9xico.<\/p>\n<ul class=\"story-body__unordered-list\">\n<li class=\"story-body__list-item\">Los temores de M\u00e9xico ante el triunfo de Donald Trump en las elecciones de EE.UU.<\/li>\n<\/ul>\n<figure class=\"media-landscape has-caption full-width\"><span class=\"image-and-copyright-container\"><img loading=\"lazy\" decoding=\"async\" class=\"responsive-image__img js-image-replace\" src=\"http:\/\/ichef-1.bbci.co.uk\/news\/624\/cpsprodpb\/16652\/production\/_93103719_hi035541317.jpg\" alt=\"Donald Trump y Hillary Clinton\" width=\"976\" height=\"549\" data-highest-encountered-width=\"624\" \/><span class=\"off-screen\">Image copyright<\/span><span class=\"story-image-copyright\">REUTERS<\/span><\/span><figcaption class=\"media-caption\"><span class=\"off-screen\">Image caption<\/span><span class=\"media-caption__text\">Los comentarios mis\u00f3ginos abundaron en la campa\u00f1a de Trump. Lleg\u00f3 a referirse a su rival, Hillary Clinton, como una \u00abmujer desagradable\u00bb.<\/span><\/figcaption><\/figure>\n<p>Calific\u00f3 el cambio clim\u00e1tico como un \u00ab<strong>enga\u00f1o chino<\/strong>\u00bb y prometi\u00f3 anular grandes <strong>tratados comerciales<\/strong> de su pa\u00eds con otras regiones del mundo, favoreciendo el proteccionismo, mientras elogiaba a un l\u00edder cada vez m\u00e1s se\u00f1alado por su autoritarismo, el presidente ruso <strong>Vladimir Putin<\/strong>.<\/p>\n<ul class=\"story-body__unordered-list\">\n<li class=\"story-body__list-item\">Trump y Putin hablan por tel\u00e9fono y aseguran que quieren normalizar las relaciones entre EE.UU. y Rusia<\/li>\n<\/ul>\n<p>Ello en medio de <strong>acusaciones de abuso sexual <\/strong>que \u00e9l neg\u00f3, comentarios mis\u00f3ginos, insultos directos a su rival dem\u00f3crata Hillary Clinton (\u00abQu\u00e9 mujer desagradable\u00bb) y su resistencia a hacer p\u00fablica su <strong>declaraci\u00f3n de impuestos<\/strong> al tiempo que defin\u00eda como \u00ablistos\u00bb a los que elud\u00edan el pago de tributos.<\/p>\n<p>Adem\u00e1s, las constantes idas y vueltas de sus afirmaciones.<\/p>\n<ul class=\"story-body__unordered-list\">\n<li class=\"story-body__list-item\">6 promesas de campa\u00f1a que Donald Trump ha cambiado<\/li>\n<\/ul>\n<p>\u00abEl caso de Trump signific\u00f3 la consolidaci\u00f3n de una nueva tendencia en la pol\u00edtica\u00bb, afirma el acad\u00e9mico brit\u00e1nico David Held. \u00abDemostr\u00f3 que se pod\u00eda <strong>decir cualquier cosa en p\u00fablico sin sufrir consecuencias<\/strong>\u00ab.<\/p>\n<p>Pero no s\u00f3lo eso: en su ascenso internet estuvo en el centro de la escena: hubo acusaciones -rechazadas por la campa\u00f1a del magnate- de que <strong>noticias falsas diseminadas por Facebook<\/strong> contribuyeron a su triunfo y de que <strong>hackers rusos<\/strong> realizaron ciberataques en EE.UU. con ese mismo fin.<\/p>\n<ul class=\"story-body__unordered-list\">\n<li class=\"story-body__list-item\">\u00bfFue Facebook la clave para el triunfo de Donald Trump en EE.UU.?<\/li>\n<li class=\"story-body__list-item\">C\u00f3mo fue el &#8216;hackeo&#8217; de piratas inform\u00e1ticos de Rusia en las elecciones de EE.UU.<\/li>\n<\/ul>\n<figure class=\"media-landscape has-caption full-width\"><span class=\"image-and-copyright-container\"><img loading=\"lazy\" decoding=\"async\" class=\"responsive-image__img js-image-replace\" src=\"http:\/\/ichef-1.bbci.co.uk\/news\/624\/cpsprodpb\/134C5\/production\/_93054097_hi036874160.jpg\" alt=\"Facebook\" width=\"976\" height=\"549\" data-highest-encountered-width=\"624\" \/><span class=\"off-screen\">Image copyright<\/span><span class=\"story-image-copyright\">THINKSTOCK<\/span><\/span><figcaption class=\"media-caption\"><span class=\"off-screen\">Image caption<\/span><span class=\"media-caption__text\">Facebook fue acusado de difundir noticias falsas que supuestamente ayudaron a Trump a ganar las elecciones.<\/span><\/figcaption><\/figure>\n<h2 class=\"story-body__crosshead\">Motivos hist\u00f3ricos<\/h2>\n<p>Seg\u00fan explicaron los analistas consultados por BBC Mundo, las razones que explican el triunfo de Trump y del Brexit, por citar los casos m\u00e1s relevantes del a\u00f1o, son m\u00e1s profundas y globales de lo que uno podr\u00eda pensar.<\/p>\n<p>Para empezar, \u00abla <strong>crisis financiera de 2008<\/strong> ha tenido un impacto negativo en los pobres y las clases trabajadoras, que han pagado el precio de la debacle\u00bb, dice Held.<\/p>\n<p>Asimismo, la <strong>globalizaci\u00f3n<\/strong> ha enriquecido a las ciudades, pero grandes zonas desindustrializadas y rurales han quedado al margen.<\/p>\n<p>\u00abEl sistema global en el que hemos vivido en los \u00faltimos 30 y 40 a\u00f1os ha producido inequidad social y desempleo\u00bb, le explica a BBC Mundo el historiador italiano Federico Romero, del Instituto Universitario Europeo (EUI, por sus siglas en ingl\u00e9s).<\/p>\n<p>\u00abY en muchos pa\u00edses occidentales esto ha erosionado, en algunos sectores de la poblaci\u00f3n, el sentido de identificaci\u00f3n con el orden democr\u00e1tico\u00bb.<\/p>\n<ul class=\"story-body__unordered-list\">\n<li class=\"story-body__list-item\">\u00bfSe est\u00e1 desglobalizando el mundo?<\/li>\n<\/ul>\n<figure class=\"media-landscape has-caption full-width\"><span class=\"image-and-copyright-container\"><img loading=\"lazy\" decoding=\"async\" class=\"responsive-image__img js-image-replace\" src=\"http:\/\/ichef-1.bbci.co.uk\/news\/624\/cpsprodpb\/7D28\/production\/_93104023_hi007620662.jpg\" alt=\"Bolsa de Nueva York\" width=\"976\" height=\"549\" data-highest-encountered-width=\"624\" \/><span class=\"off-screen\">Image copyright<\/span><span class=\"story-image-copyright\">GETTY IMAGES<\/span><\/span><figcaption class=\"media-caption\"><span class=\"off-screen\">Image caption<\/span><span class=\"media-caption__text\">Las consecuencias de la crisis financiera de 2008 han tenido impacto en las democracias occidentales.<\/span><\/figcaption><\/figure>\n<p>A lo que se suma la <strong>inestabilidad en Medio Oriente<\/strong>, que \u00abha impulsado la migraci\u00f3n y alimentado los fantasmas del terrorismo en Europa y Estados Unidos\u00bb, seg\u00fan Held.<\/p>\n<p>El polit\u00f3logo brit\u00e1nico a\u00f1ade: \u00abOtro factor igualmente importante es el ascenso de las <strong>sociedades en red<\/strong>, donde internet ha dado voz al disenso pero tambi\u00e9n ha creado c\u00edrculos diferenciados de informaci\u00f3n en los que el contenido est\u00e1 hecho a medida de determinadas ideolog\u00edas, lo que contribuye a reducir la visi\u00f3n personal del mundo\u00bb.<\/p>\n<h2 class=\"story-body__crosshead\">\u00bfDemocracia en crisis?<\/h2>\n<p>En vista de todo lo que ha ocurrido en el terreno pol\u00edtico, <strong>las grandes preguntas que deja 2016<\/strong> son si la democracia est\u00e1 en crisis en Occidente y, de ser as\u00ed, qu\u00e9 es exactamente lo que anda mal.<\/p>\n<p>En cuanto a la primera interrogante, los analistas consultados por BBC Mundo no se ponen de acuerdo sobre si es el concepto mismo de democracia es lo que est\u00e1 en problemas.<\/p>\n<p>Brian Klaas, de la <i>London School of Economics<\/i>, le dice a BBC Mundo que s\u00ed: \u00abLas investigaciones han encontrado clara evidencia de que ha habido una <strong>erosi\u00f3n en la idea de democracia<\/strong> en las sociedades occidentales\u00bb.<\/p>\n<p>Federico Romero, del EUI, cree que no: \u00abEl principio democr\u00e1tico est\u00e1 <strong>enraizad<\/strong><strong>o<\/strong> en muchas sociedades y no hay nadie que la est\u00e9 cuestionando abiertamente. Lo que s\u00ed se observa son <strong>tendencias m\u00e1s autoritarias<\/strong> dentro de ese sistema de gobierno\u00bb.<\/p>\n<div id=\"bbc-news-vj-iframe-content-placeholder\"><\/div>\n<div id=\"ns_datapic_democracia-2\" class=\"idt__mundo ns_datapic_quote ns_datapic_quote--democracia-2 newsspec_infographic_template\">\n<div class=\"ns_outer_wrapper ns_outer_wrapper__align-top\">\n<div class=\"ns_inner_wrapper\">\n<div class=\"ns_quote_mark\"><\/div>\n<p class=\"ns_quote ns_quote__size--large\">Es la calidad de la democracia lo que est\u00e1 en entredicho\u00bb<\/p>\n<div class=\"ns_author ns_\">David Held, Universidad de Durham<\/div>\n<\/div>\n<\/div>\n<\/div>\n<p>En lo que s\u00ed concuerdan los expertos es que la democracia <strong>no est\u00e1 funcionando adecuadamente<\/strong>.<\/p>\n<p>\u00abEn Occidente, el sistema democr\u00e1tico no le est\u00e1 dando resultados a mucha gente; no logra solucionar sus mayores preocupaciones\u00bb, explica Klaas.<\/p>\n<p>A lo que David Held, de la Universidad de Durham, agrega: \u00abQue tengamos elecciones y referendos no significa que la democracia est\u00e9 resolviendo los problemas de los ciudadanos. Es la<strong> calidad <\/strong>de la democracia lo que est\u00e1 en entredicho\u00bb.<\/p>\n<p>Pero, \u00bfpor qu\u00e9 falla ahora el sistema pol\u00edtico creado en la antigua Grecia? \u00bfQu\u00e9 engranajes y palancas dejaron de funcionar?<\/p>\n<h2 class=\"story-body__crosshead\">Qu\u00e9 marcha mal<\/h2>\n<p>Los acad\u00e9micos consultados por BBC Mundo estuvieron de acuerdo en que hay <strong>tres grandes mecanismos que no est\u00e1n funcionando<\/strong> bien en las democracias occidentales.<\/p>\n<p>Primero, <strong>la <\/strong><strong>desconexi<\/strong><strong>\u00f3n de los partidos pol\u00edticos tradicionales con el electorado<\/strong>.<\/p>\n<figure class=\"media-landscape has-caption full-width\"><span class=\"image-and-copyright-container\"><img loading=\"lazy\" decoding=\"async\" class=\"responsive-image__img js-image-replace\" src=\"http:\/\/ichef.bbci.co.uk\/news\/624\/cpsprodpb\/1FF4\/production\/_93108180_thinkstockphotos-81284537.jpg\" alt=\"Votaci\u00f3n\" width=\"624\" height=\"351\" data-highest-encountered-width=\"624\" \/><span class=\"off-screen\">Image copyright<\/span><span class=\"story-image-copyright\">THINKSTOCK<\/span><\/span><figcaption class=\"media-caption\"><span class=\"off-screen\">Image caption<\/span><span class=\"media-caption__text\">Los \u00abvotantes fluctuantes\u00bb, una realidad cada vez m\u00e1s frecuente.<\/span><\/figcaption><\/figure>\n<p>Seg\u00fan Held, estas agrupaciones \u00abhan cortado sus lazos con los votantes por su incapacidad de cambiarles la vida y han perdido fuerza frente a las organizaciones sociales y al poder de las redes sociales\u00bb.<\/p>\n<p>\u00abSon dinosaurios de la pol\u00edtica; carecen de la vitalidad necesaria para movilizar una gran cantidad de votos\u00bb.<\/p>\n<p>Seg\u00fan los expertos, el electorado ya no tiende a seguir partidos institucionalizados, sino que optan por una alternativa m\u00e1s directa: vota por quien le ofrezca lo que necesita sin importar mucho el signo pol\u00edtico.<\/p>\n<p>Lo que nos lleva al segundo elemento que anda mal, seg\u00fan los analistas: <strong>a<\/strong><strong> las democracias <\/strong><strong>cada vez les cuesta m<\/strong><strong>\u00e1<\/strong><strong>s <\/strong><strong>construir mayor\u00edas<\/strong>.<\/p>\n<figure class=\"media-landscape has-caption full-width\"><span class=\"image-and-copyright-container\"><img loading=\"lazy\" decoding=\"async\" class=\"responsive-image__img js-image-replace\" src=\"http:\/\/ichef-1.bbci.co.uk\/news\/624\/cpsprodpb\/63CE\/production\/_93105552_thinkstockphotos-518550230.jpg\" alt=\"Parlamento\" width=\"976\" height=\"549\" data-highest-encountered-width=\"624\" \/><span class=\"off-screen\">Image copyright<\/span><span class=\"story-image-copyright\">THINKSTOCK<\/span><\/span><figcaption class=\"media-caption\"><span class=\"off-screen\">Image caption<\/span><span class=\"media-caption__text\">Los partidos pol\u00edticos han perdido su conexi\u00f3n con el electorado.<\/span><\/figcaption><\/figure>\n<p>\u00abEn muchas sociedades occidentales hay una creciente polarizaci\u00f3n en la pol\u00edtica. En ellas el compromiso se ha convertido en una mala palabra y el consenso en un recuerdo distante\u00bb, afirma Brian Klass, de la <i>London School of Economics<\/i>.<\/p>\n<p>Como consecuencia, prosigue Klaas, las grandes decisiones democr\u00e1ticas parecen descansar en un gran n\u00famero de \u00ab<strong>votantes fluctuantes<\/strong>\u00bb que pueden decidir una votaci\u00f3n re\u00f1ida en uno u otro sentido.<\/p>\n<p>\u00abDe hecho, las grandes elecciones de 2016 se resolvieron por un <strong>estrecho margen<\/strong>\u00ab, precisa.<\/p>\n<p>Claro que esto entra\u00f1a un peligro, le advierte a BBC Mundo Federico Romero, del EUI. \u00abEl riesgo de que la democracia se reduzca al dominio de una mayor\u00eda que no respete a las minor\u00edas, y se vuelva m\u00e1s autoritaria y menos plural\u00bb.<\/p>\n<h2 class=\"story-body__crosshead\">Mentiras verdaderas<\/h2>\n<p>En un escenario as\u00ed, <strong>la <\/strong><strong>informaci\u00f3n<\/strong> -el tercer elemento disfuncional, seg\u00fan los expertos consultados- juega un papel m\u00e1s crucial que nunca.<\/p>\n<figure class=\"media-landscape has-caption full-width\"><span class=\"image-and-copyright-container\"><img loading=\"lazy\" decoding=\"async\" class=\"responsive-image__img js-image-replace\" src=\"http:\/\/ichef-1.bbci.co.uk\/news\/624\/cpsprodpb\/1000E\/production\/_93105556_thinkstockphotos-180407759.jpg\" alt=\"Informaci\u00f3n\" width=\"976\" height=\"549\" data-highest-encountered-width=\"624\" \/><span class=\"off-screen\">Image copyright<\/span><span class=\"story-image-copyright\">THINKSTOCK<\/span><\/span><figcaption class=\"media-caption\"><span class=\"off-screen\">Image caption<\/span><span class=\"media-caption__text\">Mucha informaci\u00f3n no necesariamente significa una mirada del mundo m\u00e1s amplia.<\/span><\/figcaption><\/figure>\n<p>\u00abPara funcionar adecuadamente, la democracia requiere de un consentimiento informado de los gobernados\u00bb, explica Klaas.<\/p>\n<p>\u00abHoy en d\u00eda tenemos una gran cantidad de medios para elegir, pero las personas tienden a encerrarse en recintos ideol\u00f3gicos que les son afines, en los que escuchan su propio eco\u00bb.<\/p>\n<p>Seg\u00fan Klaas, si a esto se a\u00f1ade el hecho de que las redes sociales facilitan la difusi\u00f3n de noticias falsas, \u00abla democracia sufre a\u00fan m\u00e1s\u00bb.<\/p>\n<p>\u00abLos gobiernos se enfrentan al problema de que los ciudadanos no pueden discernir entre hechos verdaderos y fabricados. Y en una democracia as\u00ed, <strong>los resultados de las votaciones pueden <\/strong><strong>volverse <\/strong><strong>impredecibles<\/strong>, como sucedi\u00f3 en parte con Trump y el Brexit\u00bb.<\/p>\n<h2 class=\"story-body__crosshead\">\u00bfY el futuro?<\/h2>\n<p>Teniendo en cuenta las dificultades que enfrentan las democracias occidentales en la actualidad, los tres investigadores consultados por BBC Mundo coinciden en que esta antigua forma de gobierno <strong>debe ser replanteada<\/strong>.<\/p>\n<p>Y aunque no tienen en claro el camino exacto por seguir, s\u00ed pueden definir los principales requisitos.<\/p>\n<div id=\"bbc-news-vj-iframe-content-placeholder\"><\/div>\n<div id=\"ns_datapic_democracia-3\" class=\"idt__mundo ns_datapic_quote ns_datapic_quote--democracia-3 newsspec_infographic_template\">\n<div class=\"ns_outer_wrapper ns_outer_wrapper__align-bottom\">\n<div class=\"ns_inner_wrapper\">\n<div class=\"ns_quote_mark\"><\/div>\n<p class=\"ns_quote ns_quote__size--medium\">La democracia debe ser defendida en\u00e9rgicamente como principio fundamental y, sobre todo, repensada en muchos aspectos\u00bb<\/p>\n<div class=\"ns_author ns_\">Federico Romero, EUI<\/div>\n<\/div>\n<\/div>\n<\/div>\n<p>\u00abLa democracia debe ser defendida en\u00e9rgicamente como principio fundamental y, sobre todo, repensada en muchos aspectos\u00bb, afirma Federico Romero, del EUI.<\/p>\n<p>Seg\u00fan Romero, para sobrevivir y prosperar nuevamente debe volver a ser capaz de<strong> resolver de manera <\/strong><strong>m\u00e1s <\/strong><strong>efectiva problemas<\/strong> como la pobreza, la inequidad y el desempleo.<\/p>\n<p>El profesor David Held, de la Universidad de Durham, coincide. En su opini\u00f3n, el principal reto de las democracias occidentales es \u00ablograr <strong>resultados concretos<\/strong> para los sectores alienados en un mundo globalizado, donde las multinacionales, los <i>lobbies<\/i> e internet tienen cada vez m\u00e1s poder\u00bb.<\/p>\n<p>Para Held, <strong>ser\u00eda \u00abest\u00fapido\u00bb no escuchar<\/strong> a aquellos que en 2016 votaron por el Brexit y por Donald Trump.<\/p>\n<p>\u00abSu irrupci\u00f3n en la escena pol\u00edtica es <strong>una lecci\u00f3n <\/strong>que debemos aprender en vista de los comicios que se celebrar\u00e1n en 2017 y en a\u00f1os posteriores\u00bb.<\/p>\n<\/div>\n","protected":false},"excerpt":{"rendered":"<p>Si por algo ser\u00e1 recordado 2016 es porque, en varios pa\u00edses de Occidente, votantes descontentos u olvidados por el \u00abestablishment\u00bb le dieron un contundente puntapi\u00e9 al tablero pol\u00edtico. Fue un a\u00f1o que sorprendi\u00f3 a numerosos observadores, pero no a muchos votantes alienados que se sintieron reivindicados en procesos democr\u00e1ticos tradicionales como elecciones y referendos, que [&hellip;]<\/p>\n","protected":false},"author":4,"featured_media":61223,"comment_status":"open","ping_status":"open","sticky":false,"template":"","format":"standard","meta":{"footnotes":""},"categories":[40,43],"tags":[],"class_list":["post-61222","post","type-post","status-publish","format-standard","has-post-thumbnail","hentry","category-internacionales","category-politica"],"_links":{"self":[{"href":"https:\/\/2horizontes.com\/index.php?rest_route=\/wp\/v2\/posts\/61222","targetHints":{"allow":["GET"]}}],"collection":[{"href":"https:\/\/2horizontes.com\/index.php?rest_route=\/wp\/v2\/posts"}],"about":[{"href":"https:\/\/2horizontes.com\/index.php?rest_route=\/wp\/v2\/types\/post"}],"author":[{"embeddable":true,"href":"https:\/\/2horizontes.com\/index.php?rest_route=\/wp\/v2\/users\/4"}],"replies":[{"embeddable":true,"href":"https:\/\/2horizontes.com\/index.php?rest_route=%2Fwp%2Fv2%2Fcomments&post=61222"}],"version-history":[{"count":1,"href":"https:\/\/2horizontes.com\/index.php?rest_route=\/wp\/v2\/posts\/61222\/revisions"}],"predecessor-version":[{"id":61224,"href":"https:\/\/2horizontes.com\/index.php?rest_route=\/wp\/v2\/posts\/61222\/revisions\/61224"}],"wp:featuredmedia":[{"embeddable":true,"href":"https:\/\/2horizontes.com\/index.php?rest_route=\/wp\/v2\/media\/61223"}],"wp:attachment":[{"href":"https:\/\/2horizontes.com\/index.php?rest_route=%2Fwp%2Fv2%2Fmedia&parent=61222"}],"wp:term":[{"taxonomy":"category","embeddable":true,"href":"https:\/\/2horizontes.com\/index.php?rest_route=%2Fwp%2Fv2%2Fcategories&post=61222"},{"taxonomy":"post_tag","embeddable":true,"href":"https:\/\/2horizontes.com\/index.php?rest_route=%2Fwp%2Fv2%2Ftags&post=61222"}],"curies":[{"name":"wp","href":"https:\/\/api.w.org\/{rel}","templated":true}]}}