{"id":61216,"date":"2016-12-27T17:55:04","date_gmt":"2016-12-27T16:55:04","guid":{"rendered":"http:\/\/2horizontes.com\/?p=61216"},"modified":"2016-12-27T17:55:04","modified_gmt":"2016-12-27T16:55:04","slug":"los-tecnicos-de-la-comunidad-aprueban-el-plan-de-la-peineta","status":"publish","type":"post","link":"https:\/\/2horizontes.com\/?p=61216","title":{"rendered":"Los t\u00e9cnicos de la Comunidad aprueban el plan de La Peineta"},"content":{"rendered":"<h2 class=\"articulo-subtitulo\">El Consejo de Gobierno se retrasa hasta la tarde del viernes para que la aprobaci\u00f3n definitiva est\u00e9 lista antes del 31 de diciembre<\/h2>\n<p>Los t\u00e9cnicos de la Comunidad, encabezados por el subdirector general de Urbanismo, Rafael Lleonart, han dado su visto bueno a la modificaci\u00f3n puntual del plan especial de La Peineta a las 13.17 horas de hoy, despu\u00e9s de que el Ayuntamiento remitiese la documentaci\u00f3n a las 9.27 de esta ma\u00f1ana, seg\u00fan ha sabido EL PA\u00cdS. La Comunidad rechaz\u00f3 el pasado 23 de diciembre esta documentaci\u00f3n al hallar\u00a0 \u201cerrores sustanciales\u201d referidos a edificabilidad, conexiones y aprovechamientos, por lo que devolvieron el expediente al Consistorio.<\/p>\n<div id=\"elpais_gpt-INTEXT\" data-google-query-id=\"COmXwtLqlNECFZWadwodd-YKsw\"><\/div>\n<p>De esta manera, el expediente ya refrendado por los t\u00e9cnicos -de unos 5.000 folios- pasar\u00e1 a la Comisi\u00f3n de Urbanismo de la Comunidad de Madrid el pr\u00f3ximo viernes para su aprobaci\u00f3n. La normativa obliga a que esta comisi\u00f3n se re\u00fana, como m\u00ednimo, 72 horas despu\u00e9s de que el equipo t\u00e9cnico tome una decisi\u00f3n. La reuni\u00f3n est\u00e1 prevista, por tanto, para las 13.17 horas del pr\u00f3ximo d\u00eda 30.<\/p>\n<div class=\"teads-inread\"><\/div>\n<p>Por lo tanto, el Consejo de Gobierno, pen\u00faltimo paso administrativo para que el expediente pueda ser ratificado, tendr\u00e1 que retrasarse a la tarde del viernes. El s\u00e1bado, y si el Ejecutivo de Cristina Cifuentes da el visto bueno, los funcionarios del <em>Bolet\u00edn Oficial de la Comunidad<\/em> tendr\u00e1n que trabajar para publicar el acuerdo y que la modificaci\u00f3n quede definitivamente aprobada antes del 31 de diciembre, momento a partir del cual el Atl\u00e9tico de Madrid podr\u00eda reclamar al Ayuntamiento 200 millones de euros por incumplimiento del convenio.<\/p>\n<p>El Ayuntamiento llevaba m\u00e1s de 15 meses tramitando este expediente, documento clave para que el Atl\u00e9tico de Madrid pueda abandonar el estadio Vicente Calder\u00f3n y trasladarse a La Peineta (futuro estadio Wanda Metropolitano) antes de septiembre del pr\u00f3ximo a\u00f1o.<\/p>\n","protected":false},"excerpt":{"rendered":"<p>El Consejo de Gobierno se retrasa hasta la tarde del viernes para que la aprobaci\u00f3n definitiva est\u00e9 lista antes del 31 de diciembre Los t\u00e9cnicos de la Comunidad, encabezados por el subdirector general de Urbanismo, Rafael Lleonart, han dado su visto bueno a la modificaci\u00f3n puntual del plan especial de La Peineta a las 13.17 [&hellip;]<\/p>\n","protected":false},"author":4,"featured_media":61217,"comment_status":"open","ping_status":"open","sticky":false,"template":"","format":"standard","meta":{"footnotes":""},"categories":[42,85],"tags":[],"class_list":["post-61216","post","type-post","status-publish","format-standard","has-post-thumbnail","hentry","category-deportes","category-espana"],"_links":{"self":[{"href":"https:\/\/2horizontes.com\/index.php?rest_route=\/wp\/v2\/posts\/61216","targetHints":{"allow":["GET"]}}],"collection":[{"href":"https:\/\/2horizontes.com\/index.php?rest_route=\/wp\/v2\/posts"}],"about":[{"href":"https:\/\/2horizontes.com\/index.php?rest_route=\/wp\/v2\/types\/post"}],"author":[{"embeddable":true,"href":"https:\/\/2horizontes.com\/index.php?rest_route=\/wp\/v2\/users\/4"}],"replies":[{"embeddable":true,"href":"https:\/\/2horizontes.com\/index.php?rest_route=%2Fwp%2Fv2%2Fcomments&post=61216"}],"version-history":[{"count":1,"href":"https:\/\/2horizontes.com\/index.php?rest_route=\/wp\/v2\/posts\/61216\/revisions"}],"predecessor-version":[{"id":61218,"href":"https:\/\/2horizontes.com\/index.php?rest_route=\/wp\/v2\/posts\/61216\/revisions\/61218"}],"wp:featuredmedia":[{"embeddable":true,"href":"https:\/\/2horizontes.com\/index.php?rest_route=\/wp\/v2\/media\/61217"}],"wp:attachment":[{"href":"https:\/\/2horizontes.com\/index.php?rest_route=%2Fwp%2Fv2%2Fmedia&parent=61216"}],"wp:term":[{"taxonomy":"category","embeddable":true,"href":"https:\/\/2horizontes.com\/index.php?rest_route=%2Fwp%2Fv2%2Fcategories&post=61216"},{"taxonomy":"post_tag","embeddable":true,"href":"https:\/\/2horizontes.com\/index.php?rest_route=%2Fwp%2Fv2%2Ftags&post=61216"}],"curies":[{"name":"wp","href":"https:\/\/api.w.org\/{rel}","templated":true}]}}