{"id":61154,"date":"2016-12-27T16:01:55","date_gmt":"2016-12-27T15:01:55","guid":{"rendered":"http:\/\/2horizontes.com\/?p=61154"},"modified":"2016-12-27T16:01:55","modified_gmt":"2016-12-27T15:01:55","slug":"resultaron-dos-heridos-en-asalto-en-banco-popular-y-se-se-llevaron-rd3-7-millones-y-us25-rd","status":"publish","type":"post","link":"https:\/\/2horizontes.com\/?p=61154","title":{"rendered":"Resultaron dos heridos  en asalto en Banco Popular  y se Se llevaron RD$3.7 millones y US$25 RD"},"content":{"rendered":"<p>SANTO DOMINGO.- Por lo menos cuatro delincuentes hicieron disparos de ametralladora durante un asalto a una sucursal del Banco Popular en la tienda Plaza Lama, de la esquina de las avenidas 27 de Febrero y Winston Churchill, de esta capital.<\/p>\n<div><\/div>\n<div id=\"attachment_274901\" class=\"wp-caption alignright\"><a href=\"http:\/\/almomento.net\/wp-content\/uploads\/2016\/12\/Plaza-Lama-4.jpg\"><img loading=\"lazy\" decoding=\"async\" class=\"size-medium wp-image-274901\" src=\"http:\/\/almomento.net\/wp-content\/uploads\/2016\/12\/Plaza-Lama-4-300x222.jpg\" sizes=\"auto, (max-width: 300px) 100vw, 300px\" srcset=\"http:\/\/almomento.net\/wp-content\/uploads\/2016\/12\/Plaza-Lama-4-300x222.jpg 300w, http:\/\/almomento.net\/wp-content\/uploads\/2016\/12\/Plaza-Lama-4.jpg 434w\" alt=\"Momentos en que uno de los heridos recib\u00eda los primeros auxilios, en el interior de la sucursal asaltada.\" width=\"300\" height=\"222\" \/><\/a><\/p>\n<p class=\"wp-caption-text\">Momentos en que uno de los heridos recib\u00eda los primeros auxilios, en el interior de la sucursal asaltada.<\/p>\n<\/div>\n<p>Jos\u00e9 M\u00e1rmol, vicepresidente de Comunicaciones de dicho banco, inform\u00f3 que \u00a0se llevaron 3.7 millones de pesos y 25 mil d\u00f3lares.<\/p>\n<p>Los bandoleros llegaron por la avenida 27 de febrero y huyeron por puerta trasera de la tienda.<\/p>\n<div id=\"attachment_274901\" class=\"wp-caption alignright\">\n<p class=\"wp-caption-text\">.<\/p>\n<\/div>\n<p>El hecho se produjo alrededor de las 7:40 de la noche en los precisos momentos en que\u00a0un cami\u00f3n de la compa\u00f1\u00eda de seguridad privada La Confianza se encontraba frente a la tienda con el fin de transportar las valijas de dicha sucursal.<\/p>\n<p>Dos vigilantes de dicha compa\u00f1\u00eda resultaron heridos. Fueron identificados como Luis de Jes\u00fas Reynoso, de 36 a\u00f1os, y Henry Mer\u00e1n, de 28, quienes est\u00e1n en el \u00a0hospital Marcelino V\u00e9lez, del barrio de Herrera.<\/p>\n<p>Varias mujeres, entre ellas una empleada de la tienda, tuvieron que recibir atenciones m\u00e9dicas luego que se desmayaran.<\/p>\n<div id=\"attachment_274893\" class=\"wp-caption alignright\"><a href=\"http:\/\/almomento.net\/wp-content\/uploads\/2016\/12\/Plaza-Lama-3.jpg\"><img loading=\"lazy\" decoding=\"async\" class=\"size-medium wp-image-274893\" src=\"http:\/\/almomento.net\/wp-content\/uploads\/2016\/12\/Plaza-Lama-3-286x300.jpg\" sizes=\"auto, (max-width: 286px) 100vw, 286px\" srcset=\"http:\/\/almomento.net\/wp-content\/uploads\/2016\/12\/Plaza-Lama-3-286x300.jpg 286w, http:\/\/almomento.net\/wp-content\/uploads\/2016\/12\/Plaza-Lama-3.jpg 439w\" alt=\"Agentes de la Polic\u00eda dentro de la sucursal donde nocurrieron los hechos este lunes en la noche.\" width=\"286\" height=\"300\" \/><\/a><\/p>\n<p class=\"wp-caption-text\">Agentes de la Polic\u00eda dentro de la sucursal donde nocurrieron los hechos este lunes en la noche.<\/p>\n<\/div>\n<p>Numerosos agentes policiales y ambulancias se trasladaron de inmediato al lugar. Numerosas personas, entre ellas empleados de la tienda, abandonaron abruptamente la tienda provocando destrozos. \u00a0Algunas aprovecharon para robar mercanc\u00edas.<\/p>\n<p><strong>Otros asaltos no resueltos<\/strong><\/p>\n<p>Este asalto en Plaza Lama se produce menos de cuatro meses despu\u00e9s de que desconocidos cometieran otro hecho similar \u00a0frente a la plaza comercial Bella Vista Mall, ubicada en la avenida \u00a0Sarasota, de esta capital, en el cual \u00a0un agente de seguridad result\u00f3 muerto y otro herido. Ese hecho ocurri\u00f3 el 14 de septiembre.<\/p>\n<p>Tambi\u00e9n, el 4 de agosto \u00faltimo, cuatro personas resultaron heridas de bala al producirse un intento de atraco a un mensajero de la tienda La Sirena de la avenida Charles de Gaulle en Villa Mella, que se dispon\u00eda a hacer un dep\u00f3sito de dinero en el Banco BHD Le\u00f3n.<\/p>\n","protected":false},"excerpt":{"rendered":"<p>SANTO DOMINGO.- Por lo menos cuatro delincuentes hicieron disparos de ametralladora durante un asalto a una sucursal del Banco Popular en la tienda Plaza Lama, de la esquina de las avenidas 27 de Febrero y Winston Churchill, de esta capital. Momentos en que uno de los heridos recib\u00eda los primeros auxilios, en el interior de [&hellip;]<\/p>\n","protected":false},"author":4,"featured_media":61155,"comment_status":"open","ping_status":"open","sticky":false,"template":"","format":"standard","meta":{"footnotes":""},"categories":[84,44],"tags":[],"class_list":["post-61154","post","type-post","status-publish","format-standard","has-post-thumbnail","hentry","category-otras-noticias","category-republica-dominicana"],"_links":{"self":[{"href":"https:\/\/2horizontes.com\/index.php?rest_route=\/wp\/v2\/posts\/61154","targetHints":{"allow":["GET"]}}],"collection":[{"href":"https:\/\/2horizontes.com\/index.php?rest_route=\/wp\/v2\/posts"}],"about":[{"href":"https:\/\/2horizontes.com\/index.php?rest_route=\/wp\/v2\/types\/post"}],"author":[{"embeddable":true,"href":"https:\/\/2horizontes.com\/index.php?rest_route=\/wp\/v2\/users\/4"}],"replies":[{"embeddable":true,"href":"https:\/\/2horizontes.com\/index.php?rest_route=%2Fwp%2Fv2%2Fcomments&post=61154"}],"version-history":[{"count":1,"href":"https:\/\/2horizontes.com\/index.php?rest_route=\/wp\/v2\/posts\/61154\/revisions"}],"predecessor-version":[{"id":61156,"href":"https:\/\/2horizontes.com\/index.php?rest_route=\/wp\/v2\/posts\/61154\/revisions\/61156"}],"wp:featuredmedia":[{"embeddable":true,"href":"https:\/\/2horizontes.com\/index.php?rest_route=\/wp\/v2\/media\/61155"}],"wp:attachment":[{"href":"https:\/\/2horizontes.com\/index.php?rest_route=%2Fwp%2Fv2%2Fmedia&parent=61154"}],"wp:term":[{"taxonomy":"category","embeddable":true,"href":"https:\/\/2horizontes.com\/index.php?rest_route=%2Fwp%2Fv2%2Fcategories&post=61154"},{"taxonomy":"post_tag","embeddable":true,"href":"https:\/\/2horizontes.com\/index.php?rest_route=%2Fwp%2Fv2%2Ftags&post=61154"}],"curies":[{"name":"wp","href":"https:\/\/api.w.org\/{rel}","templated":true}]}}