{"id":61145,"date":"2016-12-27T15:43:22","date_gmt":"2016-12-27T14:43:22","guid":{"rendered":"http:\/\/2horizontes.com\/?p=61145"},"modified":"2016-12-27T15:43:22","modified_gmt":"2016-12-27T14:43:22","slug":"asesinato-de-dominicano-desata-redada-contra-pandillas-latinas-en-italia","status":"publish","type":"post","link":"https:\/\/2horizontes.com\/?p=61145","title":{"rendered":"Asesinato de dominicano desata redada contra pandillas latinas en Italia"},"content":{"rendered":"<p><span lang=\"ES-DO\">ITALIA.- El asesinato del dominicano Antonio Rafael Ram\u00edrez, acuchillado y acribillado a plena luz del d\u00eda en el centro de Mil\u00e1n, ha forzado a las autoridades a buscar medidas correctivas para frenar la ola de cr\u00edmenes ocasionados por pandillas latinas en esta ciudad.<\/span><\/p>\n<div><\/div>\n<p><span lang=\"ES-DO\">Ante la petici\u00f3n de Giuseppe Sala, alcalde de Mil\u00e1n, ser\u00e1n movilizados 150 mil militares durante los pr\u00f3ximos tres meses para reforzar \u00a0operativos de seguridad en la ciudad, seg\u00fan ha informado el sitio espa\u00f1ol El Confidencial.<\/span><\/p>\n<p><span lang=\"ES-DO\">\u201cAunque esa investigaci\u00f3n a\u00fan est\u00e1 en curso (la del dominicano Ram\u00edrez), la verdad, es incre\u00edble que ahora haya tanta atenci\u00f3n, esto viene de hace mucho\u201d, ha manifestado Lorenzo Bucossi, comisario jefe de la polic\u00eda de Mil\u00e1n.<\/span><\/p>\n<p><span lang=\"ES-DO\">De acuerdo a reportes de seguridad, el principal objetivo de estos grupos criminales, mayoritariamente de origen salvadore\u00f1o, es el de afianzarse frente a la comunidad latinoamericana que vive en Italia.<\/span><\/p>\n<p><span lang=\"ES-DO\">En este pa\u00eds operan otras bandas como los Latin King y la de los Trinitarios.<\/span><\/p>\n<p><span lang=\"ES-DO\">En septiembre anterior, las autoridades realizaron un gran operativo contra la Pandilla 18 y arrestaron a 15 j\u00f3venes, entre ellos dos cabecillas, el \u201cGato\u201d y el \u201cPerro\u201d. \u00a0En tanto, ochos personas m\u00e1s vinculadas a la MS tambi\u00e9n fueron capturadas.<\/span><\/p>\n<p><span lang=\"ES-DO\">En Mil\u00e1n viven \u2013 seg\u00fan datos no oficiales \u2013 unos 300 mil salvadore\u00f1os, considerada \u00e9sta la mayor comunidad de connacionales en Europa.<\/span><\/p>\n<p>wj\/am-sp<\/p>\n","protected":false},"excerpt":{"rendered":"<p>ITALIA.- El asesinato del dominicano Antonio Rafael Ram\u00edrez, acuchillado y acribillado a plena luz del d\u00eda en el centro de Mil\u00e1n, ha forzado a las autoridades a buscar medidas correctivas para frenar la ola de cr\u00edmenes ocasionados por pandillas latinas en esta ciudad. Ante la petici\u00f3n de Giuseppe Sala, alcalde de Mil\u00e1n, ser\u00e1n movilizados 150 [&hellip;]<\/p>\n","protected":false},"author":4,"featured_media":61146,"comment_status":"open","ping_status":"open","sticky":false,"template":"","format":"standard","meta":{"footnotes":""},"categories":[54,86],"tags":[],"class_list":["post-61145","post","type-post","status-publish","format-standard","has-post-thumbnail","hentry","category-emigrantes","category-europa"],"_links":{"self":[{"href":"https:\/\/2horizontes.com\/index.php?rest_route=\/wp\/v2\/posts\/61145","targetHints":{"allow":["GET"]}}],"collection":[{"href":"https:\/\/2horizontes.com\/index.php?rest_route=\/wp\/v2\/posts"}],"about":[{"href":"https:\/\/2horizontes.com\/index.php?rest_route=\/wp\/v2\/types\/post"}],"author":[{"embeddable":true,"href":"https:\/\/2horizontes.com\/index.php?rest_route=\/wp\/v2\/users\/4"}],"replies":[{"embeddable":true,"href":"https:\/\/2horizontes.com\/index.php?rest_route=%2Fwp%2Fv2%2Fcomments&post=61145"}],"version-history":[{"count":1,"href":"https:\/\/2horizontes.com\/index.php?rest_route=\/wp\/v2\/posts\/61145\/revisions"}],"predecessor-version":[{"id":61147,"href":"https:\/\/2horizontes.com\/index.php?rest_route=\/wp\/v2\/posts\/61145\/revisions\/61147"}],"wp:featuredmedia":[{"embeddable":true,"href":"https:\/\/2horizontes.com\/index.php?rest_route=\/wp\/v2\/media\/61146"}],"wp:attachment":[{"href":"https:\/\/2horizontes.com\/index.php?rest_route=%2Fwp%2Fv2%2Fmedia&parent=61145"}],"wp:term":[{"taxonomy":"category","embeddable":true,"href":"https:\/\/2horizontes.com\/index.php?rest_route=%2Fwp%2Fv2%2Fcategories&post=61145"},{"taxonomy":"post_tag","embeddable":true,"href":"https:\/\/2horizontes.com\/index.php?rest_route=%2Fwp%2Fv2%2Ftags&post=61145"}],"curies":[{"name":"wp","href":"https:\/\/api.w.org\/{rel}","templated":true}]}}