{"id":61136,"date":"2016-12-27T15:04:00","date_gmt":"2016-12-27T14:04:00","guid":{"rendered":"http:\/\/2horizontes.com\/?p=61136"},"modified":"2016-12-27T15:04:00","modified_gmt":"2016-12-27T14:04:00","slug":"ninos-dominicanos-canta-en-favor-insercion-social-en-el-barrio-madrileno-tetuan","status":"publish","type":"post","link":"https:\/\/2horizontes.com\/?p=61136","title":{"rendered":"Ni\u00f1os dominicanos canta en favor inserci\u00f3n social en el barrio madrile\u00f1o Tetu\u00e1n"},"content":{"rendered":"<p>MADRID, Espa\u00f1a.- Un concierto de villancicos interpretados por un coro de ni\u00f1os del barrio de Tetu\u00e1n conmocion\u00f3\u00a0 al p\u00fablico asistente a La Navide\u00f1a Feria Internacional de Las Culturas, celebrada en el Matadero de esta ciudad.<\/p>\n<p><span lang=\"ES-DO\">El coro fue formado hace apenas dos meses como parte del proyecto \u201cArmon\u00eda Solidaria\u201d de la Embajada de la Rep\u00fablica Dominicana en Espa\u00f1a, junto a la comunidad de Madrid, para fomentar la inserci\u00f3n social de j\u00f3venes en los barrios madrile\u00f1os.<\/span><\/p>\n<p><span lang=\"ES-DO\">La mayor\u00eda de los ni\u00f1os son de ascendencia dominicana, aunque el programa no ha excluido ni\u00f1os de otras nacionalidades, pues su meta es unir e integrar a las comunidades de vecinos de la capital madrile\u00f1a.<\/span><\/p>\n<p><span lang=\"ES-DO\">Los j\u00f3venes han tenido la oportunidad de acceder a clases de canto en la primera etapa de este proyecto, que busca a trav\u00e9s de la\u00a0 m\u00fasica una opci\u00f3n de ocio sano.<\/span><\/p>\n<p><span lang=\"ES-DO\">Cada semana,\u00a0 el Centro de Participaci\u00f3n e Integraci\u00f3n de Inmigrantes (CEPI) del barrio de Tetu\u00e1n, abre sus puertas para que este grupo de 10 ni\u00f1os y ni\u00f1as aprendan m\u00fasica bajo la direcci\u00f3n del violinista Adri\u00e1n Jim\u00e9nez y la profesora Mar\u00eda Teresa Guti\u00e9rrez de la Escuela Armon\u00eda Musical.<\/span><\/p>\n<p><span lang=\"ES-DO\">Los ni\u00f1os Iker Matos, Euriel Guerrero,\u00a0 Adriana Pineda, Pedro Criollo, Dave Peralta, Keidi Mej\u00eda, Dayana Fern\u00e1ndez, Aleska Tapia, y Melvin y Ciara Alfonso entonaron tres canciones, terminando con el cl\u00e1sico navide\u00f1o \u201cMi burrito sabanero\u201d, que contagi\u00f3 con su alegre ritmo a los presentes.<\/span><\/p>\n<p><span lang=\"ES-DO\">Durante la feria navide\u00f1a, abierta hasta el 23 de diciembre, decenas de miles de visitantes tendr\u00e1n la oportunidad de conocer la cultura dominicana a trav\u00e9s de una muestra su gastronom\u00eda y la adquisici\u00f3n de piezas artesanales de \u201cManos dominicanas\u201d del proyecto \u201cProgresando con Solidaridad\u201d de la Vicepresidencia de la Rep\u00fablica.<\/span><\/p>\n<p>wj\/am<\/p>\n","protected":false},"excerpt":{"rendered":"<p>MADRID, Espa\u00f1a.- Un concierto de villancicos interpretados por un coro de ni\u00f1os del barrio de Tetu\u00e1n conmocion\u00f3\u00a0 al p\u00fablico asistente a La Navide\u00f1a Feria Internacional de Las Culturas, celebrada en el Matadero de esta ciudad. El coro fue formado hace apenas dos meses como parte del proyecto \u201cArmon\u00eda Solidaria\u201d de la Embajada de la Rep\u00fablica [&hellip;]<\/p>\n","protected":false},"author":4,"featured_media":61137,"comment_status":"open","ping_status":"open","sticky":false,"template":"","format":"standard","meta":{"footnotes":""},"categories":[62,46,54,1],"tags":[],"class_list":["post-61136","post","type-post","status-publish","format-standard","has-post-thumbnail","hentry","category-cultura","category-dominicanos-en-madrid","category-emigrantes","category-entretenimiento"],"_links":{"self":[{"href":"https:\/\/2horizontes.com\/index.php?rest_route=\/wp\/v2\/posts\/61136","targetHints":{"allow":["GET"]}}],"collection":[{"href":"https:\/\/2horizontes.com\/index.php?rest_route=\/wp\/v2\/posts"}],"about":[{"href":"https:\/\/2horizontes.com\/index.php?rest_route=\/wp\/v2\/types\/post"}],"author":[{"embeddable":true,"href":"https:\/\/2horizontes.com\/index.php?rest_route=\/wp\/v2\/users\/4"}],"replies":[{"embeddable":true,"href":"https:\/\/2horizontes.com\/index.php?rest_route=%2Fwp%2Fv2%2Fcomments&post=61136"}],"version-history":[{"count":1,"href":"https:\/\/2horizontes.com\/index.php?rest_route=\/wp\/v2\/posts\/61136\/revisions"}],"predecessor-version":[{"id":61138,"href":"https:\/\/2horizontes.com\/index.php?rest_route=\/wp\/v2\/posts\/61136\/revisions\/61138"}],"wp:featuredmedia":[{"embeddable":true,"href":"https:\/\/2horizontes.com\/index.php?rest_route=\/wp\/v2\/media\/61137"}],"wp:attachment":[{"href":"https:\/\/2horizontes.com\/index.php?rest_route=%2Fwp%2Fv2%2Fmedia&parent=61136"}],"wp:term":[{"taxonomy":"category","embeddable":true,"href":"https:\/\/2horizontes.com\/index.php?rest_route=%2Fwp%2Fv2%2Fcategories&post=61136"},{"taxonomy":"post_tag","embeddable":true,"href":"https:\/\/2horizontes.com\/index.php?rest_route=%2Fwp%2Fv2%2Ftags&post=61136"}],"curies":[{"name":"wp","href":"https:\/\/api.w.org\/{rel}","templated":true}]}}