{"id":61106,"date":"2016-12-22T11:52:52","date_gmt":"2016-12-22T10:52:52","guid":{"rendered":"http:\/\/2horizontes.com\/?p=61106"},"modified":"2016-12-22T11:52:52","modified_gmt":"2016-12-22T10:52:52","slug":"diez-anos-de-carcel-para-un-guardia-civil-que-causo-20-incendios-forestales","status":"publish","type":"post","link":"https:\/\/2horizontes.com\/?p=61106","title":{"rendered":"Diez a\u00f1os de c\u00e1rcel para un guardia civil que caus\u00f3 20 incendios forestales"},"content":{"rendered":"<p>La Audiencia Provincial de Madrid ha condenado al guardia civil Enrique L. D. a una pena de diez a\u00f1os y un d\u00eda de prisi\u00f3n por la comisi\u00f3n de un delito continuado de incendio en relaci\u00f3n a su autor\u00eda en veinte fuegos provocados en diferentes municipios de la regi\u00f3n.<\/p>\n<p>As\u00ed consta en una sentencia, a la que tuvo acceso Europa Press, en la que los magistrados consideran al acusado autor responsable de un delito continuado de incendio.<\/p>\n<p>En el juicio, el procesado reconoci\u00f3 su autor\u00eda y manifest\u00f3 que entr\u00f3 en un \u201cc\u00edrculo vicioso\u201d que le impulsaba a provocar incendios, algo que le \u201cexcitaba\u201d ver. \u201cLa acci\u00f3n era prender pasto, desahogarme, e irme; sab\u00eda que ese fuego era malo pero no lo pod\u00eda evitar\u201d, dijo entonces.<\/p>\n<p>El Ministerio P\u00fablico solicitaba una pena conjunta de 57 a\u00f1os y seis meses de prisi\u00f3n, adem\u00e1s de las correspondientes multas por cada uno de los delitos atribuidos a su persona y las indemnizaciones a los propietarios de las parcelas afectadas que as\u00ed lo han reclamado.<\/p>\n<p>Seg\u00fan el fiscal, el acusado, entre el 17 de julio de 2013 y el 1 de agosto de 2013 provoc\u00f3 de forma deliberada y voluntaria veinte incendios en parajes naturales en diferentes t\u00e9rminos municipales de la regi\u00f3n entre los que se encuentran Navas del Rey, Chapiner\u00eda, Colmenar del Arroyo y Villanueva de Perales.<\/p>\n<p>Todas estas agresiones medioambientales supusieron relevantes da\u00f1os en las parcelas afectadas, algunas de ellas consideradas Espacios Naturales Protegidos.<\/p>\n<p>El acusado padec\u00eda en el momento de cometerse los hechos descritos un trastorno complejo de la personalidad con rasgos mixtos, si bien conservaba su capacidad cognoscitiva y, por tanto, conoc\u00eda y comprend\u00eda la ilicitud de su conducta.<\/p>\n<p>Dicho trastorno le llev\u00f3 a actuar de forma impulsiva en ciertos momentos, por lo que su voluntad pudo verse afectada de forma leve y moderada.<\/p>\n","protected":false},"excerpt":{"rendered":"<p>La Audiencia Provincial de Madrid ha condenado al guardia civil Enrique L. D. a una pena de diez a\u00f1os y un d\u00eda de prisi\u00f3n por la comisi\u00f3n de un delito continuado de incendio en relaci\u00f3n a su autor\u00eda en veinte fuegos provocados en diferentes municipios de la regi\u00f3n. As\u00ed consta en una sentencia, a la [&hellip;]<\/p>\n","protected":false},"author":3,"featured_media":61107,"comment_status":"open","ping_status":"open","sticky":false,"template":"","format":"standard","meta":{"footnotes":""},"categories":[85],"tags":[],"class_list":["post-61106","post","type-post","status-publish","format-standard","has-post-thumbnail","hentry","category-espana"],"_links":{"self":[{"href":"https:\/\/2horizontes.com\/index.php?rest_route=\/wp\/v2\/posts\/61106","targetHints":{"allow":["GET"]}}],"collection":[{"href":"https:\/\/2horizontes.com\/index.php?rest_route=\/wp\/v2\/posts"}],"about":[{"href":"https:\/\/2horizontes.com\/index.php?rest_route=\/wp\/v2\/types\/post"}],"author":[{"embeddable":true,"href":"https:\/\/2horizontes.com\/index.php?rest_route=\/wp\/v2\/users\/3"}],"replies":[{"embeddable":true,"href":"https:\/\/2horizontes.com\/index.php?rest_route=%2Fwp%2Fv2%2Fcomments&post=61106"}],"version-history":[{"count":1,"href":"https:\/\/2horizontes.com\/index.php?rest_route=\/wp\/v2\/posts\/61106\/revisions"}],"predecessor-version":[{"id":61108,"href":"https:\/\/2horizontes.com\/index.php?rest_route=\/wp\/v2\/posts\/61106\/revisions\/61108"}],"wp:featuredmedia":[{"embeddable":true,"href":"https:\/\/2horizontes.com\/index.php?rest_route=\/wp\/v2\/media\/61107"}],"wp:attachment":[{"href":"https:\/\/2horizontes.com\/index.php?rest_route=%2Fwp%2Fv2%2Fmedia&parent=61106"}],"wp:term":[{"taxonomy":"category","embeddable":true,"href":"https:\/\/2horizontes.com\/index.php?rest_route=%2Fwp%2Fv2%2Fcategories&post=61106"},{"taxonomy":"post_tag","embeddable":true,"href":"https:\/\/2horizontes.com\/index.php?rest_route=%2Fwp%2Fv2%2Ftags&post=61106"}],"curies":[{"name":"wp","href":"https:\/\/api.w.org\/{rel}","templated":true}]}}