{"id":61078,"date":"2016-12-21T22:27:34","date_gmt":"2016-12-21T21:27:34","guid":{"rendered":"http:\/\/2horizontes.com\/?p=61078"},"modified":"2016-12-21T22:27:34","modified_gmt":"2016-12-21T21:27:34","slug":"danilo-medina-se-solidarizo-con-mexico-por-explosion-que-dejo-32-muertos","status":"publish","type":"post","link":"https:\/\/2horizontes.com\/?p=61078","title":{"rendered":"Danilo Medina se solidariz\u00f3 con M\u00e9xico por explosi\u00f3n que dej\u00f3 32 muertos"},"content":{"rendered":"<p>El presidente dominicano, Danilo Medina, envi\u00f3 este mi\u00e9rcoles\u00a0sus condolencias a su hom\u00f3logo\u00a0mexicano, Enrique Pe\u00f1a Nieto, por las explosiones registradas ayer en un mercado de pirotecnia en Tultepec, en el central Estado de M\u00e9xico, que dejaron 32 muertos, 59 heridos y 12 desaparecidos, seg\u00fan cifras oficiales.<\/p>\n<p>\u00abExpresamos nuestro sincero pesar al Gobierno que usted preside, al pueblo mexicano en general\u00bb, escribi\u00f3 Medina en una carta enviada a Pe\u00f1a Nieto y publicada por la Presidencia Nacional.<\/p>\n<p>El jefe de Estado dominicano expres\u00f3 sus condolencias tambi\u00e9n a los familiares de las v\u00edctimas.<\/p>\n<p>\u00abOramos por la recuperaci\u00f3n y la salud de quienes han sufrido lesiones, a consecuencia de tan lamentable tragedia\u00bb, subray\u00f3.<\/p>\n","protected":false},"excerpt":{"rendered":"<p>El presidente dominicano, Danilo Medina, envi\u00f3 este mi\u00e9rcoles\u00a0sus condolencias a su hom\u00f3logo\u00a0mexicano, Enrique Pe\u00f1a Nieto, por las explosiones registradas ayer en un mercado de pirotecnia en Tultepec, en el central Estado de M\u00e9xico, que dejaron 32 muertos, 59 heridos y 12 desaparecidos, seg\u00fan cifras oficiales. \u00abExpresamos nuestro sincero pesar al Gobierno que usted preside, al [&hellip;]<\/p>\n","protected":false},"author":13240,"featured_media":35866,"comment_status":"open","ping_status":"open","sticky":false,"template":"","format":"standard","meta":{"footnotes":""},"categories":[40,43,44],"tags":[],"class_list":["post-61078","post","type-post","status-publish","format-standard","has-post-thumbnail","hentry","category-internacionales","category-politica","category-republica-dominicana"],"_links":{"self":[{"href":"https:\/\/2horizontes.com\/index.php?rest_route=\/wp\/v2\/posts\/61078","targetHints":{"allow":["GET"]}}],"collection":[{"href":"https:\/\/2horizontes.com\/index.php?rest_route=\/wp\/v2\/posts"}],"about":[{"href":"https:\/\/2horizontes.com\/index.php?rest_route=\/wp\/v2\/types\/post"}],"author":[{"embeddable":true,"href":"https:\/\/2horizontes.com\/index.php?rest_route=\/wp\/v2\/users\/13240"}],"replies":[{"embeddable":true,"href":"https:\/\/2horizontes.com\/index.php?rest_route=%2Fwp%2Fv2%2Fcomments&post=61078"}],"version-history":[{"count":1,"href":"https:\/\/2horizontes.com\/index.php?rest_route=\/wp\/v2\/posts\/61078\/revisions"}],"predecessor-version":[{"id":61080,"href":"https:\/\/2horizontes.com\/index.php?rest_route=\/wp\/v2\/posts\/61078\/revisions\/61080"}],"wp:featuredmedia":[{"embeddable":true,"href":"https:\/\/2horizontes.com\/index.php?rest_route=\/wp\/v2\/media\/35866"}],"wp:attachment":[{"href":"https:\/\/2horizontes.com\/index.php?rest_route=%2Fwp%2Fv2%2Fmedia&parent=61078"}],"wp:term":[{"taxonomy":"category","embeddable":true,"href":"https:\/\/2horizontes.com\/index.php?rest_route=%2Fwp%2Fv2%2Fcategories&post=61078"},{"taxonomy":"post_tag","embeddable":true,"href":"https:\/\/2horizontes.com\/index.php?rest_route=%2Fwp%2Fv2%2Ftags&post=61078"}],"curies":[{"name":"wp","href":"https:\/\/api.w.org\/{rel}","templated":true}]}}