{"id":61005,"date":"2016-12-20T22:28:19","date_gmt":"2016-12-20T21:28:19","guid":{"rendered":"http:\/\/2horizontes.com\/?p=61005"},"modified":"2016-12-20T22:28:19","modified_gmt":"2016-12-20T21:28:19","slug":"liberaron-al-unico-detenido-tras-el-mortal-atentado-en-berlin","status":"publish","type":"post","link":"https:\/\/2horizontes.com\/?p=61005","title":{"rendered":"Liberaron al \u00fanico detenido tras el mortal atentado en Berl\u00edn"},"content":{"rendered":"<p>La Fiscal\u00eda Federal alemana inform\u00f3 hoy que fue liberado el \u00fanico sospechoso detenido tras el atentado en Berl\u00edn, perpetrado anoche. El hombre es un solicitante de asilo paquistan\u00ed. Las autoridades locales ten\u00edan hasta la medianoche de este martes para enviarlo a la c\u00e1rcel.<\/p>\n<p>El sospechoso fue arrestado despu\u00e9s de que un cami\u00f3n arrollara a los visitantes de un mercado navide\u00f1o, pero al no contar con suficientes pruebas incriminatorias sali\u00f3 en libertad.<\/p>\n<p>\u00abLos resultados de las investigaciones llevadas a cabo hasta el momento indican que no hay sospechas fundamentadas en contra del acusado\u00bb, manifest\u00f3 el organismo en un comunicado.<\/p>\n<p>El hombre, un joven de 23 a\u00f1os que resid\u00eda en el albergue de refugiados instalado en uno de los hangares del antiguo aeropuerto de Tempelhof, dio mucha informaci\u00f3n durante los interrogatorios a los que fue sometido, pero neg\u00f3 haber participado en el atentado.<\/p>\n<p>Testigos oculares observaron c\u00f3mo el conductor del cami\u00f3n hoy\u00f3 del lugar de los hechos, pero en su persecuci\u00f3n hubo lagunas, destac\u00f3 la Fiscal\u00eda.<\/p>\n<p>Las pruebas y an\u00e1lisis llevadas a cabo para comprobar si el detenido estuvo en la cabina del cami\u00f3n no han dado hasta ahora resultados, a\u00f1adi\u00f3 para justificar la puesta en libertad.<\/p>\n<p>El joven paquistan\u00ed, fichado por la polic\u00eda por delitos menores pero en ninguna base de datos de presuntos terroristas, fue detenido por un coche patrulla a unos dos kil\u00f3metros del lugar del atentado, junto a la Columna de la Victoria situada en el c\u00e9ntrico Tiergarten.<\/p>\n<p>Seg\u00fan explic\u00f3 el ministro de Interior, Thomas de Maizi\u00e8re, el hombre entr\u00f3 en Alemania el 31 de diciembre de 2015 tras haber supuestamente atravesado la ruta de los Balcanes: lleg\u00f3 a Berl\u00edn en febrero.<\/p>\n","protected":false},"excerpt":{"rendered":"<p>La Fiscal\u00eda Federal alemana inform\u00f3 hoy que fue liberado el \u00fanico sospechoso detenido tras el atentado en Berl\u00edn, perpetrado anoche. El hombre es un solicitante de asilo paquistan\u00ed. Las autoridades locales ten\u00edan hasta la medianoche de este martes para enviarlo a la c\u00e1rcel. El sospechoso fue arrestado despu\u00e9s de que un cami\u00f3n arrollara a los [&hellip;]<\/p>\n","protected":false},"author":13240,"featured_media":61006,"comment_status":"open","ping_status":"open","sticky":false,"template":"","format":"standard","meta":{"footnotes":""},"categories":[86,40],"tags":[],"class_list":["post-61005","post","type-post","status-publish","format-standard","has-post-thumbnail","hentry","category-europa","category-internacionales"],"_links":{"self":[{"href":"https:\/\/2horizontes.com\/index.php?rest_route=\/wp\/v2\/posts\/61005","targetHints":{"allow":["GET"]}}],"collection":[{"href":"https:\/\/2horizontes.com\/index.php?rest_route=\/wp\/v2\/posts"}],"about":[{"href":"https:\/\/2horizontes.com\/index.php?rest_route=\/wp\/v2\/types\/post"}],"author":[{"embeddable":true,"href":"https:\/\/2horizontes.com\/index.php?rest_route=\/wp\/v2\/users\/13240"}],"replies":[{"embeddable":true,"href":"https:\/\/2horizontes.com\/index.php?rest_route=%2Fwp%2Fv2%2Fcomments&post=61005"}],"version-history":[{"count":1,"href":"https:\/\/2horizontes.com\/index.php?rest_route=\/wp\/v2\/posts\/61005\/revisions"}],"predecessor-version":[{"id":61007,"href":"https:\/\/2horizontes.com\/index.php?rest_route=\/wp\/v2\/posts\/61005\/revisions\/61007"}],"wp:featuredmedia":[{"embeddable":true,"href":"https:\/\/2horizontes.com\/index.php?rest_route=\/wp\/v2\/media\/61006"}],"wp:attachment":[{"href":"https:\/\/2horizontes.com\/index.php?rest_route=%2Fwp%2Fv2%2Fmedia&parent=61005"}],"wp:term":[{"taxonomy":"category","embeddable":true,"href":"https:\/\/2horizontes.com\/index.php?rest_route=%2Fwp%2Fv2%2Fcategories&post=61005"},{"taxonomy":"post_tag","embeddable":true,"href":"https:\/\/2horizontes.com\/index.php?rest_route=%2Fwp%2Fv2%2Ftags&post=61005"}],"curies":[{"name":"wp","href":"https:\/\/api.w.org\/{rel}","templated":true}]}}