{"id":60997,"date":"2016-12-20T22:22:00","date_gmt":"2016-12-20T21:22:00","guid":{"rendered":"http:\/\/2horizontes.com\/?p=60997"},"modified":"2016-12-20T22:22:00","modified_gmt":"2016-12-20T21:22:00","slug":"gobierno-colombiano-anuncia-refuerzos-en-pasos-fronterizos-con-venezuela","status":"publish","type":"post","link":"https:\/\/2horizontes.com\/?p=60997","title":{"rendered":"Gobierno colombiano anuncia refuerzos en pasos fronterizos con Venezuela"},"content":{"rendered":"<div class=\"detail-body\">\n<p>El ministro de Defensa de Colombia, Luis Carlos Villegas, anunci\u00f3 este martes\u00a0nuevas medidas de refuerzo en los pasos fronterizos con Venezuela luego de su reapertura gradual, en especial en la regi\u00f3n del Catatumbo y en el departamento de La Guajira.<\/p>\n<p>Villegas dijo a periodistas que desde el anuncio oficial de la reapertura de la frontera, hecho esta madrugada por las autoridades venezolanas, se realiz\u00f3 la coordinaci\u00f3n de nuevos refuerzos de pasos fronterizos, \u201cen donde a\u00fan hay preocupaci\u00f3n para el tr\u00e1nsito ilegal de personas y bienes\u201d.<\/p>\n<p>La frontera com\u00fan entre Colombia y Venezuela fue cerrada el pasado 15 de diciembre por orden del presidente Nicol\u00e1s Maduro por un supuesto \u201cataque econ\u00f3mico\u201d contra su moneda, pero hoy su ministro de Defensa, Vladimir Padrino, anunci\u00f3 la reapertura gradual.<\/p>\n<p>Villegas manifest\u00f3 adem\u00e1s que el esfuerzo que se ha hecho en la frontera entre los dos pa\u00edses est\u00e1 hoy a la vista.<\/p>\n<p>\u201cEl contrabando de Venezuela hacia Colombia pr\u00e1cticamente ha cesado, incluida la gasolina, esa ya no es una pr\u00e1ctica que se vea en la frontera\u201d, dijo.<\/p>\n<p>El ministro agreg\u00f3 que \u201clo que queda (de contrabando) est\u00e1 por esas v\u00edas que est\u00e1n identificadas por los dos pa\u00edses y sobre las cuales se actuar\u00e1 para deshabilitar esas trochas en los pr\u00f3ximos d\u00edas\u201d.<\/p>\n<p>El ministro Padrino inform\u00f3 hoy de la reapertura gradual de la frontera con Colombia en la cual \u201cse permitir\u00e1 inicialmente el paso peatonal hasta lograr los niveles que ya hab\u00edamos alcanzado\u201d.<\/p>\n<p>El titular de Defensa venezolano indic\u00f3 adem\u00e1s que sostuvo conversaciones con Villegas, \u201cpara aumentar la coordinaci\u00f3n operacional contra las mafias\u201d.<\/p>\n<p>El presidente de Colombia, Juan Manuel Santos, visita hoy la ciudad fronteriza de C\u00facuta para reunirse con autoridades locales y gremios econ\u00f3micos con quienes discutir\u00e1 el impacto causado en la regi\u00f3n por las medidas dispuestas por Venezuela.<\/p>\n<\/div>\n<div class=\"tags\"><\/div>\n","protected":false},"excerpt":{"rendered":"<p>El ministro de Defensa de Colombia, Luis Carlos Villegas, anunci\u00f3 este martes\u00a0nuevas medidas de refuerzo en los pasos fronterizos con Venezuela luego de su reapertura gradual, en especial en la regi\u00f3n del Catatumbo y en el departamento de La Guajira. Villegas dijo a periodistas que desde el anuncio oficial de la reapertura de la frontera, [&hellip;]<\/p>\n","protected":false},"author":13240,"featured_media":60999,"comment_status":"open","ping_status":"open","sticky":false,"template":"","format":"standard","meta":{"footnotes":""},"categories":[50],"tags":[],"class_list":["post-60997","post","type-post","status-publish","format-standard","has-post-thumbnail","hentry","category-colombia"],"_links":{"self":[{"href":"https:\/\/2horizontes.com\/index.php?rest_route=\/wp\/v2\/posts\/60997","targetHints":{"allow":["GET"]}}],"collection":[{"href":"https:\/\/2horizontes.com\/index.php?rest_route=\/wp\/v2\/posts"}],"about":[{"href":"https:\/\/2horizontes.com\/index.php?rest_route=\/wp\/v2\/types\/post"}],"author":[{"embeddable":true,"href":"https:\/\/2horizontes.com\/index.php?rest_route=\/wp\/v2\/users\/13240"}],"replies":[{"embeddable":true,"href":"https:\/\/2horizontes.com\/index.php?rest_route=%2Fwp%2Fv2%2Fcomments&post=60997"}],"version-history":[{"count":1,"href":"https:\/\/2horizontes.com\/index.php?rest_route=\/wp\/v2\/posts\/60997\/revisions"}],"predecessor-version":[{"id":61002,"href":"https:\/\/2horizontes.com\/index.php?rest_route=\/wp\/v2\/posts\/60997\/revisions\/61002"}],"wp:featuredmedia":[{"embeddable":true,"href":"https:\/\/2horizontes.com\/index.php?rest_route=\/wp\/v2\/media\/60999"}],"wp:attachment":[{"href":"https:\/\/2horizontes.com\/index.php?rest_route=%2Fwp%2Fv2%2Fmedia&parent=60997"}],"wp:term":[{"taxonomy":"category","embeddable":true,"href":"https:\/\/2horizontes.com\/index.php?rest_route=%2Fwp%2Fv2%2Fcategories&post=60997"},{"taxonomy":"post_tag","embeddable":true,"href":"https:\/\/2horizontes.com\/index.php?rest_route=%2Fwp%2Fv2%2Ftags&post=60997"}],"curies":[{"name":"wp","href":"https:\/\/api.w.org\/{rel}","templated":true}]}}