{"id":60982,"date":"2016-12-20T13:26:19","date_gmt":"2016-12-20T12:26:19","guid":{"rendered":"http:\/\/2horizontes.com\/?p=60982"},"modified":"2016-12-20T13:26:19","modified_gmt":"2016-12-20T12:26:19","slug":"el-temporal-deja-dos-muertos-mas-en-valencia","status":"publish","type":"post","link":"https:\/\/2horizontes.com\/?p=60982","title":{"rendered":"El temporal deja dos muertos m\u00e1s en Valencia"},"content":{"rendered":"<p>Un hombre de 58 a\u00f1os ha fallecido en el hospital de X\u00e0tiva (Valencia) tras haber sido rescatado de una cueva inundada en la subida al castillo de esa localidad. Por otro lado, tambi\u00e9n ha perdido la vida otro hombre de 64 a\u00f1os en Enguera (Valencia) despu\u00e9s de que su coche fuera arrastrado por la corriente en una rambla, seg\u00fan fuentes del Centro de Informaci\u00f3n y Coordinaci\u00f3n de Urgencias (CICU) y de Emergencias de la Generalitat.<\/p>\n<p>X\u00e0tiva<\/p>\n<p>El CICU recibi\u00f3 sobre las 15,30 horas de este lunes el aviso de que hab\u00eda un hombre en una cueva inundada en X\u00e0tiva, por lo que hasta el lugar se desplaz\u00f3 una unidad de soporte vital b\u00e1sico dotada con un m\u00e9dico.<\/p>\n<p>Una vez rescatado, el hombre fue asistido por los servicios m\u00e9dicos de un traumatismo craneoencef\u00e1lico y de hipotermia, tras lo que fue trasladado al hospital Llu\u00eds Alcany\u00e7is de X\u00e0tiva. No obstante, el hombre falleci\u00f3 en el servicio de urgencias del hospital, seg\u00fan han se\u00f1alado las mismas fuentes.<\/p>\n<p>Enguera<\/p>\n<p>Un hombre de 64 a\u00f1os ha fallecido en la localidad de Enguera (Valencia), despu\u00e9s de que su coche fuera arrastrado por la corriente en una rambla, seg\u00fan ha informado el director general de la Agencia de Seguridad y Respuesta a las Emergencias de la Generalitat, Jos\u00e9 Mar\u00eda \u00c1ngel.<\/p>\n<p>Seg\u00fan ha explicado, el suceso ocurri\u00f3 este lunes por la tarde, cuando al parecer el hombre cogi\u00f3 el coche para trasladarse desde una caseta diseminada del municipio de Enguera hasta el pueblo y al meterse en una rambla el veh\u00edculo fue arrastrado por la corriente. El director general ha explicado que anoche fue localizado el veh\u00edculo en la rambla, y posteriormente apareci\u00f3 a unos cincuenta metros el cad\u00e1ver del hombre.<\/p>\n","protected":false},"excerpt":{"rendered":"<p>Un hombre de 58 a\u00f1os ha fallecido en el hospital de X\u00e0tiva (Valencia) tras haber sido rescatado de una cueva inundada en la subida al castillo de esa localidad. Por otro lado, tambi\u00e9n ha perdido la vida otro hombre de 64 a\u00f1os en Enguera (Valencia) despu\u00e9s de que su coche fuera arrastrado por la corriente [&hellip;]<\/p>\n","protected":false},"author":3,"featured_media":60983,"comment_status":"open","ping_status":"open","sticky":false,"template":"","format":"standard","meta":{"footnotes":""},"categories":[85],"tags":[],"class_list":["post-60982","post","type-post","status-publish","format-standard","has-post-thumbnail","hentry","category-espana"],"_links":{"self":[{"href":"https:\/\/2horizontes.com\/index.php?rest_route=\/wp\/v2\/posts\/60982","targetHints":{"allow":["GET"]}}],"collection":[{"href":"https:\/\/2horizontes.com\/index.php?rest_route=\/wp\/v2\/posts"}],"about":[{"href":"https:\/\/2horizontes.com\/index.php?rest_route=\/wp\/v2\/types\/post"}],"author":[{"embeddable":true,"href":"https:\/\/2horizontes.com\/index.php?rest_route=\/wp\/v2\/users\/3"}],"replies":[{"embeddable":true,"href":"https:\/\/2horizontes.com\/index.php?rest_route=%2Fwp%2Fv2%2Fcomments&post=60982"}],"version-history":[{"count":1,"href":"https:\/\/2horizontes.com\/index.php?rest_route=\/wp\/v2\/posts\/60982\/revisions"}],"predecessor-version":[{"id":60984,"href":"https:\/\/2horizontes.com\/index.php?rest_route=\/wp\/v2\/posts\/60982\/revisions\/60984"}],"wp:featuredmedia":[{"embeddable":true,"href":"https:\/\/2horizontes.com\/index.php?rest_route=\/wp\/v2\/media\/60983"}],"wp:attachment":[{"href":"https:\/\/2horizontes.com\/index.php?rest_route=%2Fwp%2Fv2%2Fmedia&parent=60982"}],"wp:term":[{"taxonomy":"category","embeddable":true,"href":"https:\/\/2horizontes.com\/index.php?rest_route=%2Fwp%2Fv2%2Fcategories&post=60982"},{"taxonomy":"post_tag","embeddable":true,"href":"https:\/\/2horizontes.com\/index.php?rest_route=%2Fwp%2Fv2%2Ftags&post=60982"}],"curies":[{"name":"wp","href":"https:\/\/api.w.org\/{rel}","templated":true}]}}