{"id":60947,"date":"2016-12-19T15:25:37","date_gmt":"2016-12-19T14:25:37","guid":{"rendered":"http:\/\/2horizontes.com\/?p=60947"},"modified":"2016-12-19T15:25:37","modified_gmt":"2016-12-19T14:25:37","slug":"podria-aumentar-el-contrabando-en-frontera-colombo-venezolana","status":"publish","type":"post","link":"https:\/\/2horizontes.com\/?p=60947","title":{"rendered":"Podr\u00eda aumentar el contrabando en frontera colombo-venezolana"},"content":{"rendered":"<p>Autoridades locales as\u00ed como gremios econ\u00f3micos de C\u00facuta y Villa del Rosario advierten de una par\u00e1lisis en el sector comercial y un aumento de la inseguridad en la frontera colombo-venezuela, debido a la medida del presidente Nicol\u00e1s Maduro de cerrar el paso fronterizo.<\/p>\n<p>Los comerciantes de la zona han reportado en las \u00faltimas semanas p\u00e9rdidas que rondan los 8 millones de pesos. Se\u00f1alan que este efecto podr\u00eda incrementar, ya que los comercios colombianos tienden a recibir alrededor de 40.000 compradores venezolanos en estas fechas.\u00a0Temen que los productos se queden en los anaqueles.<\/p>\n<p>\u201cEn mis colegas cunde el p\u00e1nico. Pero m\u00e1s all\u00e1 de ese miedo, estamos preparados con lo que vivimos un a\u00f1o atr\u00e1s. Para sobrevivir ante estas limitaciones contemplamos una serie de respuestas que, desafortunadamente, perjudican a nuestros empleados\u201d, expres\u00f3 Rafael S\u00e1nchez Urbina, administrador de un supermercado ubicado en C\u00facuta.<\/p>\n<p>Los comerciantes sostienen que lo que se avecina ya lo vivieron con el cierre fronterizo decretado a finales de 2015. Prev\u00e9n que aumente el desempleo, un reajuste de precios y el debilitamiento de la din\u00e1mica comercial para 2017, rese\u00f1\u00f3 el diario colombiano\u00a0<em>El Tiempo<\/em>.<\/p>\n<p>\u201cLo que incrementa este cierre fronterizo es la delincuencia, el desorden y, por supuesto, el cobro de lo que cuesta el paso de un lado a otro, lo que ocasiona problemas de seguridad\u201d, dijo Pepe Ruiz, alcalde de Villa del Rosario.<\/p>\n","protected":false},"excerpt":{"rendered":"<p>Autoridades locales as\u00ed como gremios econ\u00f3micos de C\u00facuta y Villa del Rosario advierten de una par\u00e1lisis en el sector comercial y un aumento de la inseguridad en la frontera colombo-venezuela, debido a la medida del presidente Nicol\u00e1s Maduro de cerrar el paso fronterizo. Los comerciantes de la zona han reportado en las \u00faltimas semanas p\u00e9rdidas [&hellip;]<\/p>\n","protected":false},"author":13240,"featured_media":60950,"comment_status":"open","ping_status":"open","sticky":false,"template":"","format":"standard","meta":{"footnotes":""},"categories":[50,40,43,48],"tags":[],"class_list":["post-60947","post","type-post","status-publish","format-standard","has-post-thumbnail","hentry","category-colombia","category-internacionales","category-politica","category-venezuela"],"_links":{"self":[{"href":"https:\/\/2horizontes.com\/index.php?rest_route=\/wp\/v2\/posts\/60947","targetHints":{"allow":["GET"]}}],"collection":[{"href":"https:\/\/2horizontes.com\/index.php?rest_route=\/wp\/v2\/posts"}],"about":[{"href":"https:\/\/2horizontes.com\/index.php?rest_route=\/wp\/v2\/types\/post"}],"author":[{"embeddable":true,"href":"https:\/\/2horizontes.com\/index.php?rest_route=\/wp\/v2\/users\/13240"}],"replies":[{"embeddable":true,"href":"https:\/\/2horizontes.com\/index.php?rest_route=%2Fwp%2Fv2%2Fcomments&post=60947"}],"version-history":[{"count":1,"href":"https:\/\/2horizontes.com\/index.php?rest_route=\/wp\/v2\/posts\/60947\/revisions"}],"predecessor-version":[{"id":60951,"href":"https:\/\/2horizontes.com\/index.php?rest_route=\/wp\/v2\/posts\/60947\/revisions\/60951"}],"wp:featuredmedia":[{"embeddable":true,"href":"https:\/\/2horizontes.com\/index.php?rest_route=\/wp\/v2\/media\/60950"}],"wp:attachment":[{"href":"https:\/\/2horizontes.com\/index.php?rest_route=%2Fwp%2Fv2%2Fmedia&parent=60947"}],"wp:term":[{"taxonomy":"category","embeddable":true,"href":"https:\/\/2horizontes.com\/index.php?rest_route=%2Fwp%2Fv2%2Fcategories&post=60947"},{"taxonomy":"post_tag","embeddable":true,"href":"https:\/\/2horizontes.com\/index.php?rest_route=%2Fwp%2Fv2%2Ftags&post=60947"}],"curies":[{"name":"wp","href":"https:\/\/api.w.org\/{rel}","templated":true}]}}