{"id":60853,"date":"2016-12-14T21:52:33","date_gmt":"2016-12-14T20:52:33","guid":{"rendered":"http:\/\/2horizontes.com\/?p=60853"},"modified":"2016-12-14T21:52:33","modified_gmt":"2016-12-14T20:52:33","slug":"ministerio-de-cultura-entrega-los-premios-anuales-de-literatura-2015","status":"publish","type":"post","link":"https:\/\/2horizontes.com\/?p=60853","title":{"rendered":"Ministerio de Cultura entrega los Premios Anuales de Literatura 2015"},"content":{"rendered":"<p>SANTO DOMINGO. El Ministerio de Cultura entreg\u00f3 los Premios Anuales de Literatura 2015, con una dotaci\u00f3n de RD $ 250, 000.00 y diploma de honor para cada uno de los ganadores, en una ceremonia celebrada en la sala A\u00edda Bonnelly de D\u00edaz del Teatro Nacional Eduardo Brito.<\/p>\n<p>Edil\u00ed Pichardo, viceministra para la Identidad Cultural y Ciudadan\u00eda, presidi\u00f3 el acto en representaci\u00f3n del ministro de Cultura, Pedro Verg\u00e9s. Le acompa\u00f1aron Carlos Santos, viceministro de Desarrollo Institucional; el director general del Libro y la Lectura, Alexis G\u00f3mez Rosa; el poeta C\u00e9sar Zapata, director de Gesti\u00f3n Literaria, y Jos\u00e9 Enrique Garc\u00eda, director de la Editora Nacional.<\/p>\n<p>Para este a\u00f1o, todas las obras ganadoras son in\u00e9ditas en los g\u00e9neros cuento, novela, poes\u00eda, historia, ensayo y teatro, precis\u00f3 el Ministerio de Cultura mediante un comunicado de prensa.<\/p>\n<p>La escritora Soledad \u00c1lvarez fue la primera en subir a la tarima para recibir el Premio Nacional de Poes\u00eda Salom\u00e9 Ure\u00f1a de Henr\u00edquez 2015, por su obra Autobiograf\u00eda en el agua; mientras que el Premio Nacional de Literatura Infanto-Juvenil Aurora Tav\u00e1rez Belliard le fue otorgado a la obra Bredo, El Pez, de Jos\u00e9 M. Fern\u00e1ndez Peque\u00f1o.<\/p>\n<p>El Premio Nacional de Historia Jos\u00e9 Gabriel Garc\u00eda 2015, modalidad Recopilaci\u00f3n de Documentos, fue para Alberto Despradel y Miguel Reyes S\u00e1nchez, por la obra La diplomacia insular: Rep\u00fablica Dominicana y Hait\u00ed 1844-2012.<\/p>\n<p>En esa categor\u00eda, pero en Ensayo de Investigaci\u00f3n e Interpretaci\u00f3n, el premio fue otorgado a Eur\u00edpides Antonio Uribe Peguero, por su obra Militares y Autoritarismo. Y en la modalidad Testimonio, el galardonado fue Lorenzo Senci\u00f3n Silverio, por Las mentiras de la sangre.<\/p>\n<p>Domingo de los Santos recibi\u00f3 el Premio Nacional de Ensayo Pedro Henr\u00edquez Ure\u00f1a 2015, en la modalidad Ensayo Cient\u00edfico, por su libro El sujeto pasional: pasi\u00f3n, raz\u00f3n y l\u00edmite en Eugenio Tr\u00edas.<\/p>\n<p>En la misma categor\u00eda, pero en la modalidad Ensayo Literario, gan\u00f3 Manuel Salvador Gautier, por su obra Hechizo en las palabras: sobre narrativa dominicana e intelectual.<\/p>\n<p>El escritor Jos\u00e9 Acosta fue reconocido con el Premio Nacional de Cuento Jos\u00e9 Ram\u00f3n L\u00f3pez 2015, por su libro El patio de los bramidos. El premio lo recibi\u00f3 Fara Hallal.<\/p>\n<p>La obra Los coberos del reino, de Efra\u00edm Castillo, gan\u00f3 el Premio Nacional de Teatro Crist\u00f3bal de Llerena 2015, Gladys Castillo fue en representaci\u00f3n del galardonado; mientras que por el libro En los tiempos en que \u00e9ramos Indios, fue reconocido Miguel \u00c1ngel Cabrera, fallecido en el mes de junio del presente a\u00f1o. Su hijo Marvin Am\u00edn Cabrera recibi\u00f3 el premio en su nombre.<\/p>\n<p>El jurado de los Premios Anuales de Literatura 2015 estuvo integrado por Bismar Gal\u00e1n, Eleonor Grimaldi, Rosa Francia Esquea, Alejandro Aguilar, Ligia Minaya, Manuel Matos Moquete, Jes\u00fas Losada, Pedro Jos\u00e9 Gris, Alfonso Qui\u00f1ones, Marcos Rodr\u00edguez, Franklin Dom\u00ednguez, Radham\u00e9s Polanco, Miguel Collado, Jochy Herrera, Fidel Munnigh, Manuel Garc\u00eda Ar\u00e9valo, Bernardo Vega y Jos\u00e9 Guerrero.<\/p>\n<p>La viceministra de Identidad Cultural y Ciudadan\u00eda, Edil\u00ed Pichardo, transmiti\u00f3 las felicitaciones del titular del Ministerio de Cultura a los ganadores de los premios 2015.<\/p>\n<p>Destac\u00f3 que cada uno de los galardonados recibi\u00f3 la citada dotaci\u00f3n en met\u00e1lico, y expres\u00f3 que es el inter\u00e9s del Ministerio de Cultura fortalecer cada vez m\u00e1s Los Premios Anuales de Literatura, con el objetivo de promover la producci\u00f3n literaria de calidad en el pa\u00eds.<\/p>\n<p>Durante el desarrollo de la ceremonia tambi\u00e9n habl\u00f3 el director de Gesti\u00f3n Literaria, C\u00e9sar Zapata, que en su salutaci\u00f3n expres\u00f3: \u201cAhora se abre un nuevo ciclo bajo la gesti\u00f3n del escritor Pedro Verg\u00e9s, y que las obras contribuyen de manera significativa a enriquecer la bibliograf\u00eda nacional para deleite y consulta de la poblaci\u00f3n\u201d.<\/p>\n<p>Alberto Despradel, en nombre de los ganadores, extern\u00f3 que \u201cdar las gracias siempre es un acto de fe y compromiso con la patria\u201d, y resalt\u00f3 que cientos de hombres han cre\u00eddo y trabajado por un mejor pa\u00eds.<\/p>\n<p>El escritor indic\u00f3 que fomentar estos galardones contribuye con la meta y el progreso de crear un mejor pa\u00eds, y al engrandecimiento del acervo cultural plasmado en los distintos textos.<\/p>\n<p>Entre los asistentes estuvieron el gobernador del Banco Central, licenciado H\u00e9ctor Valdez Albizu; el escritor Bernardo Vega, el pol\u00edtico Rafael (Fafa) Taveras y los escritores Le\u00f3n F\u00e9lix Batista, Valent\u00edn Amaro y Eleanor Grimildi Sili\u00e9.<\/p>\n<p>Los Premios Anuales de Literatura fueron creados por el Poder Ejecutivo mediante el Decreto n\u00famero 111-05 del 23 de marzo del 2005, con el objetivo de promover la creatividad y producci\u00f3n literaria en Rep\u00fablica Dominicana.<\/p>\n","protected":false},"excerpt":{"rendered":"<p>SANTO DOMINGO. El Ministerio de Cultura entreg\u00f3 los Premios Anuales de Literatura 2015, con una dotaci\u00f3n de RD $ 250, 000.00 y diploma de honor para cada uno de los ganadores, en una ceremonia celebrada en la sala A\u00edda Bonnelly de D\u00edaz del Teatro Nacional Eduardo Brito. Edil\u00ed Pichardo, viceministra para la Identidad Cultural y [&hellip;]<\/p>\n","protected":false},"author":13240,"featured_media":60858,"comment_status":"open","ping_status":"open","sticky":false,"template":"","format":"standard","meta":{"footnotes":""},"categories":[62,44],"tags":[],"class_list":["post-60853","post","type-post","status-publish","format-standard","has-post-thumbnail","hentry","category-cultura","category-republica-dominicana"],"_links":{"self":[{"href":"https:\/\/2horizontes.com\/index.php?rest_route=\/wp\/v2\/posts\/60853","targetHints":{"allow":["GET"]}}],"collection":[{"href":"https:\/\/2horizontes.com\/index.php?rest_route=\/wp\/v2\/posts"}],"about":[{"href":"https:\/\/2horizontes.com\/index.php?rest_route=\/wp\/v2\/types\/post"}],"author":[{"embeddable":true,"href":"https:\/\/2horizontes.com\/index.php?rest_route=\/wp\/v2\/users\/13240"}],"replies":[{"embeddable":true,"href":"https:\/\/2horizontes.com\/index.php?rest_route=%2Fwp%2Fv2%2Fcomments&post=60853"}],"version-history":[{"count":1,"href":"https:\/\/2horizontes.com\/index.php?rest_route=\/wp\/v2\/posts\/60853\/revisions"}],"predecessor-version":[{"id":60859,"href":"https:\/\/2horizontes.com\/index.php?rest_route=\/wp\/v2\/posts\/60853\/revisions\/60859"}],"wp:featuredmedia":[{"embeddable":true,"href":"https:\/\/2horizontes.com\/index.php?rest_route=\/wp\/v2\/media\/60858"}],"wp:attachment":[{"href":"https:\/\/2horizontes.com\/index.php?rest_route=%2Fwp%2Fv2%2Fmedia&parent=60853"}],"wp:term":[{"taxonomy":"category","embeddable":true,"href":"https:\/\/2horizontes.com\/index.php?rest_route=%2Fwp%2Fv2%2Fcategories&post=60853"},{"taxonomy":"post_tag","embeddable":true,"href":"https:\/\/2horizontes.com\/index.php?rest_route=%2Fwp%2Fv2%2Ftags&post=60853"}],"curies":[{"name":"wp","href":"https:\/\/api.w.org\/{rel}","templated":true}]}}