{"id":60726,"date":"2016-12-09T18:04:59","date_gmt":"2016-12-09T17:04:59","guid":{"rendered":"http:\/\/2horizontes.com\/?p=60726"},"modified":"2016-12-09T18:04:59","modified_gmt":"2016-12-09T17:04:59","slug":"kanye-west-hizo-su-primera-aparicion-en-publico-tras-ser-dado-de-alta","status":"publish","type":"post","link":"https:\/\/2horizontes.com\/?p=60726","title":{"rendered":"Kanye West hizo su primera aparici\u00f3n en p\u00fablico tras ser dado de alta"},"content":{"rendered":"<p>A pocos d\u00edas de terminar un pol\u00e9mico a\u00f1o, Kanye West hizo su primera aparici\u00f3n p\u00fablica tras su hospitalizaci\u00f3n en noviembre por un \u00abbrote psic\u00f3tico\u00bb que lo afect\u00f3 y por el que tuvo que cancelar el resto de su gira \u00abThe Saint Pablo Tour\u00bb.<\/p>\n<p>El rapero asisti\u00f3 a una instalaci\u00f3n de arte en Los Angeles, California, seg\u00fan constat\u00f3 el sitio especializado TMZ. Con un cambio de look (ti\u00f1\u00f3 su pelo rubio), el esposo de Kim Kardashian asisti\u00f3 al Pacific Design Center de la ciudad en la costa oeste de Estados Unidos.<\/p>\n<p>Esta aparici\u00f3n marca el regreso de West a los eventos sociales luego de su pol\u00e9mica crisis psiqui\u00e1trica que lo tuvo por varios d\u00edas en el Centro M\u00e9dico de UCLA. \u00abTiene altas y bajas, pero pareciera ser mucho m\u00e1s serie. En el hospital ha estado paranoico y se encuentra bajo constante vigilancia\u00bb, se\u00f1al\u00f3 en ese entonces una fuente cercana al int\u00e9rprete.<\/p>\n<p>El 30 de noviembre, Kanye West fue dado de alta y regres\u00f3 a su casa. El medio estadounidense, adem\u00e1s indic\u00f3 que el cantante est\u00e1 componiendo m\u00fasica en su estudio.<\/p>\n","protected":false},"excerpt":{"rendered":"<p>A pocos d\u00edas de terminar un pol\u00e9mico a\u00f1o, Kanye West hizo su primera aparici\u00f3n p\u00fablica tras su hospitalizaci\u00f3n en noviembre por un \u00abbrote psic\u00f3tico\u00bb que lo afect\u00f3 y por el que tuvo que cancelar el resto de su gira \u00abThe Saint Pablo Tour\u00bb. El rapero asisti\u00f3 a una instalaci\u00f3n de arte en Los Angeles, California, [&hellip;]<\/p>\n","protected":false},"author":13240,"featured_media":26004,"comment_status":"open","ping_status":"open","sticky":false,"template":"","format":"standard","meta":{"footnotes":""},"categories":[1,40],"tags":[],"class_list":["post-60726","post","type-post","status-publish","format-standard","has-post-thumbnail","hentry","category-entretenimiento","category-internacionales"],"_links":{"self":[{"href":"https:\/\/2horizontes.com\/index.php?rest_route=\/wp\/v2\/posts\/60726","targetHints":{"allow":["GET"]}}],"collection":[{"href":"https:\/\/2horizontes.com\/index.php?rest_route=\/wp\/v2\/posts"}],"about":[{"href":"https:\/\/2horizontes.com\/index.php?rest_route=\/wp\/v2\/types\/post"}],"author":[{"embeddable":true,"href":"https:\/\/2horizontes.com\/index.php?rest_route=\/wp\/v2\/users\/13240"}],"replies":[{"embeddable":true,"href":"https:\/\/2horizontes.com\/index.php?rest_route=%2Fwp%2Fv2%2Fcomments&post=60726"}],"version-history":[{"count":1,"href":"https:\/\/2horizontes.com\/index.php?rest_route=\/wp\/v2\/posts\/60726\/revisions"}],"predecessor-version":[{"id":60728,"href":"https:\/\/2horizontes.com\/index.php?rest_route=\/wp\/v2\/posts\/60726\/revisions\/60728"}],"wp:featuredmedia":[{"embeddable":true,"href":"https:\/\/2horizontes.com\/index.php?rest_route=\/wp\/v2\/media\/26004"}],"wp:attachment":[{"href":"https:\/\/2horizontes.com\/index.php?rest_route=%2Fwp%2Fv2%2Fmedia&parent=60726"}],"wp:term":[{"taxonomy":"category","embeddable":true,"href":"https:\/\/2horizontes.com\/index.php?rest_route=%2Fwp%2Fv2%2Fcategories&post=60726"},{"taxonomy":"post_tag","embeddable":true,"href":"https:\/\/2horizontes.com\/index.php?rest_route=%2Fwp%2Fv2%2Ftags&post=60726"}],"curies":[{"name":"wp","href":"https:\/\/api.w.org\/{rel}","templated":true}]}}