{"id":60722,"date":"2016-12-09T15:55:51","date_gmt":"2016-12-09T14:55:51","guid":{"rendered":"http:\/\/2horizontes.com\/?p=60722"},"modified":"2016-12-09T15:55:51","modified_gmt":"2016-12-09T14:55:51","slug":"hay-que-disparar-a-los-inmigrantes-como-advertencia","status":"publish","type":"post","link":"https:\/\/2horizontes.com\/?p=60722","title":{"rendered":"Hay que disparar a los inmigrantes\u2026 como advertencia"},"content":{"rendered":"<p>Un legislador dan\u00e9sKenneth Kristensen pertenece al Partido Popular Dan\u00e9s,a segunda formaci\u00f3n m\u00e1s importante del pa\u00eds (Jens Dresling \/ AP)<\/p>\n<p>En Dinamarca se han llevado las manos a la cabeza con las \u00faltimas pol\u00e9micas declaraciones de uno de sus disputados. Como soluci\u00f3n para frenar la llegada de refugiados por el mar Mediterr\u00e1neo afirm\u00f3 que si cruzan la frontera \u201ctienen que ser tiroteados para que den media vuelta y regresen\u201d a su pa\u00eds de origen.<\/p>\n<p>El legislador Kenneth Kristensen Berth despu\u00e9s matiz\u00f3 sus palabras durante un debate en Copenhague y dijo que deber\u00edan ser \u201cdisparos de advertencia\u201d.<\/p>\n<p>Kenneth Kristensen, del Partido Popular Dan\u00e9s (DPP), mostr\u00f3 nuevamente sus pol\u00edticas anti inmigraci\u00f3n durante la charla sobre las fronteras europeas.<\/p>\n<p>El moderador del debate exigi\u00f3 al diputado que aclarara su postura tras hablar de disparos.<\/p>\n<p>Debemos hacer lo que sea necesario para garantizar que nuestras fronteras no sean violadas\u201d, expuso.<\/p>\n<p>Su rival en el debate, Stine Bosse, presidenta del Movimiento Europeo de Dinamarca, no daba cr\u00e9dito a lo que estaba oyendo. \u201cNo puede estar aqu\u00ed y decir que habr\u00e1 que dispararles en el Mediterr\u00e1neo\u201d, le recrimin\u00f3 Bosse a Kristensen.<\/p>\n<p>Los legisladores de la oposici\u00f3n y un miembro de alto rango del Partido Liberal del Primer Ministro, Lars Loekke Rasmussen, condenaron a Kristensen por sus comentarios. \u201cLo que un disparo de advertencia dice es que el pr\u00f3ximo tiro le golpear\u00e1 si no detiene su actividad\u201d, dijo Jakob Ellemann-Jensen, del Partido Liberal que prefiri\u00f3 \u201csoluciones pol\u00edticas\u201d.<\/p>\n","protected":false},"excerpt":{"rendered":"<p>Un legislador dan\u00e9sKenneth Kristensen pertenece al Partido Popular Dan\u00e9s,a segunda formaci\u00f3n m\u00e1s importante del pa\u00eds (Jens Dresling \/ AP) En Dinamarca se han llevado las manos a la cabeza con las \u00faltimas pol\u00e9micas declaraciones de uno de sus disputados. Como soluci\u00f3n para frenar la llegada de refugiados por el mar Mediterr\u00e1neo afirm\u00f3 que si cruzan [&hellip;]<\/p>\n","protected":false},"author":3,"featured_media":60723,"comment_status":"open","ping_status":"open","sticky":false,"template":"","format":"standard","meta":{"footnotes":""},"categories":[40],"tags":[],"class_list":["post-60722","post","type-post","status-publish","format-standard","has-post-thumbnail","hentry","category-internacionales"],"_links":{"self":[{"href":"https:\/\/2horizontes.com\/index.php?rest_route=\/wp\/v2\/posts\/60722","targetHints":{"allow":["GET"]}}],"collection":[{"href":"https:\/\/2horizontes.com\/index.php?rest_route=\/wp\/v2\/posts"}],"about":[{"href":"https:\/\/2horizontes.com\/index.php?rest_route=\/wp\/v2\/types\/post"}],"author":[{"embeddable":true,"href":"https:\/\/2horizontes.com\/index.php?rest_route=\/wp\/v2\/users\/3"}],"replies":[{"embeddable":true,"href":"https:\/\/2horizontes.com\/index.php?rest_route=%2Fwp%2Fv2%2Fcomments&post=60722"}],"version-history":[{"count":1,"href":"https:\/\/2horizontes.com\/index.php?rest_route=\/wp\/v2\/posts\/60722\/revisions"}],"predecessor-version":[{"id":60724,"href":"https:\/\/2horizontes.com\/index.php?rest_route=\/wp\/v2\/posts\/60722\/revisions\/60724"}],"wp:featuredmedia":[{"embeddable":true,"href":"https:\/\/2horizontes.com\/index.php?rest_route=\/wp\/v2\/media\/60723"}],"wp:attachment":[{"href":"https:\/\/2horizontes.com\/index.php?rest_route=%2Fwp%2Fv2%2Fmedia&parent=60722"}],"wp:term":[{"taxonomy":"category","embeddable":true,"href":"https:\/\/2horizontes.com\/index.php?rest_route=%2Fwp%2Fv2%2Fcategories&post=60722"},{"taxonomy":"post_tag","embeddable":true,"href":"https:\/\/2horizontes.com\/index.php?rest_route=%2Fwp%2Fv2%2Ftags&post=60722"}],"curies":[{"name":"wp","href":"https:\/\/api.w.org\/{rel}","templated":true}]}}