{"id":60712,"date":"2016-12-09T15:31:26","date_gmt":"2016-12-09T14:31:26","guid":{"rendered":"http:\/\/2horizontes.com\/?p=60712"},"modified":"2016-12-09T15:31:26","modified_gmt":"2016-12-09T14:31:26","slug":"la-marca-blanco-anuncia-su-cierre-y-el-despido-de-835-trabajadores","status":"publish","type":"post","link":"https:\/\/2horizontes.com\/?p=60712","title":{"rendered":"La marca Blanco anuncia su cierre y el despido de 835 trabajadores"},"content":{"rendered":"<p>Despu\u00e9s de varios meses buscando un inversor, la marca de moda Blanco ha decidido echar el cierre. La c\u00fapula directiva y los administradores concursales se reunieron el pasado 7 de noviembre con el comit\u00e9 de empresa para anunciar que hoy presentar\u00edan un expediente de regulaci\u00f3n de empleo de liquidaci\u00f3n.<\/p>\n<p>La medida supondr\u00e1 el cierre de sus 102 tiendas a nivel global y el despido de sus 835 trabajadores. El cierre de las tiendas se producir\u00e1 de \u201cforma progresiva\u201d. Aunque la empresa no ha concretado una fecha definitiva de cierre, s\u00ed ha avanzado que ser\u00e1 \u201cen los pr\u00f3ximos meses\u201d.<\/p>\n<p>La tienda virtual del grupo ha cerrado ya y la compa\u00f1\u00eda tiene previsto ponerse en contacto con todos los clientes que hayan realizado pedidos desde el pasado 29 de noviembre para resolver las incidencias que pudiera ocasionar esta decisi\u00f3n.<\/p>\n<p>Blanco, empresa que el c\u00e1ntabro Bernardo Solana mont\u00f3 en los a\u00f1os 60, era propiedad del fondo saud\u00ed AC Modus que, a su vez, se la hab\u00eda comprado a otro grupo saud\u00ed, Alhokair. \u00c9ste \u00faltimo hab\u00eda adquirido la firma en 2014, en otro de los peores momentos de la compa\u00f1\u00eda, aunque aquella vez consigui\u00f3 sobrevivir.<\/p>\n<p>La tienda online de la marca dej\u00f3 de funcionar el pasado mi\u00e9rcoles y sus 90 tiendas f\u00edsicas tambi\u00e9n cerrar\u00e1n, aunque entre \u201ccinco y 15 tiendas se mantendr\u00e1n abiertas para liquidar el material existente\u201d, seg\u00fan explica Eleconomista.es. La empresa no puede asegurar el pago de las n\u00f3minas de sus trabajadores a partir del 23 de noviembre.<\/p>\n","protected":false},"excerpt":{"rendered":"<p>Despu\u00e9s de varios meses buscando un inversor, la marca de moda Blanco ha decidido echar el cierre. La c\u00fapula directiva y los administradores concursales se reunieron el pasado 7 de noviembre con el comit\u00e9 de empresa para anunciar que hoy presentar\u00edan un expediente de regulaci\u00f3n de empleo de liquidaci\u00f3n. La medida supondr\u00e1 el cierre de [&hellip;]<\/p>\n","protected":false},"author":3,"featured_media":60713,"comment_status":"open","ping_status":"open","sticky":false,"template":"","format":"standard","meta":{"footnotes":""},"categories":[85,52],"tags":[],"class_list":["post-60712","post","type-post","status-publish","format-standard","has-post-thumbnail","hentry","category-espana","category-moda"],"_links":{"self":[{"href":"https:\/\/2horizontes.com\/index.php?rest_route=\/wp\/v2\/posts\/60712","targetHints":{"allow":["GET"]}}],"collection":[{"href":"https:\/\/2horizontes.com\/index.php?rest_route=\/wp\/v2\/posts"}],"about":[{"href":"https:\/\/2horizontes.com\/index.php?rest_route=\/wp\/v2\/types\/post"}],"author":[{"embeddable":true,"href":"https:\/\/2horizontes.com\/index.php?rest_route=\/wp\/v2\/users\/3"}],"replies":[{"embeddable":true,"href":"https:\/\/2horizontes.com\/index.php?rest_route=%2Fwp%2Fv2%2Fcomments&post=60712"}],"version-history":[{"count":1,"href":"https:\/\/2horizontes.com\/index.php?rest_route=\/wp\/v2\/posts\/60712\/revisions"}],"predecessor-version":[{"id":60714,"href":"https:\/\/2horizontes.com\/index.php?rest_route=\/wp\/v2\/posts\/60712\/revisions\/60714"}],"wp:featuredmedia":[{"embeddable":true,"href":"https:\/\/2horizontes.com\/index.php?rest_route=\/wp\/v2\/media\/60713"}],"wp:attachment":[{"href":"https:\/\/2horizontes.com\/index.php?rest_route=%2Fwp%2Fv2%2Fmedia&parent=60712"}],"wp:term":[{"taxonomy":"category","embeddable":true,"href":"https:\/\/2horizontes.com\/index.php?rest_route=%2Fwp%2Fv2%2Fcategories&post=60712"},{"taxonomy":"post_tag","embeddable":true,"href":"https:\/\/2horizontes.com\/index.php?rest_route=%2Fwp%2Fv2%2Ftags&post=60712"}],"curies":[{"name":"wp","href":"https:\/\/api.w.org\/{rel}","templated":true}]}}