{"id":6070,"date":"2015-05-06T20:42:04","date_gmt":"2015-05-06T19:42:04","guid":{"rendered":"http:\/\/2horizontes.com\/?p=6070"},"modified":"2015-05-06T20:42:04","modified_gmt":"2015-05-06T19:42:04","slug":"kiko-rivera-queremos-que-sea-una-boda-religiosa","status":"publish","type":"post","link":"https:\/\/2horizontes.com\/?p=6070","title":{"rendered":"Kiko Rivera Queremos que sea una boda religiosa"},"content":{"rendered":"<p><strong>Kiko Rivera<\/strong>\u00a0su boda y su pr\u00f3xima paternidad. El hijo de <strong>Isabel Pantoja <\/strong>planea su boda para el a\u00f1o que viene con <strong>Irene Rosales<\/strong>, una bella sevillana de quien se enamor\u00f3 hace un a\u00f1o y de quien espera su segundo hijo, su primero juntos, ya que es padre de Francisco, fruto de su relaci\u00f3n con la modelo Jessica Bueno.<\/p>\n<p>Kiko e Irene se convertir\u00e1n en padres a finales de a\u00f1o y como las noticias nunca vienen solas, Kiko Rivera ha anunciado en HOLA.com sus prop\u00f3sitos de pronunciar el &#8216;s\u00ed, quiero&#8217;: \u00abQueremos que sea una boda religiosa y, a ser posible, en Sevilla\u00bb. Aunque como es l\u00f3gico habr\u00e1 que ir por partes: \u00abPrimero nacer\u00e1 el beb\u00e9 y luego nos casaremos. Nos gustar\u00eda que la boda fuera el verano que viene\u00bb.<\/p>\n<p>Tanto la familia de \u00e9l como la de ella han recibido la noticia con mucha ilusi\u00f3n. Seg\u00fan reconoce el DJ, su madre pese a estar en prisi\u00f3n est\u00e1 al tanto de todo y tal y como reconoce: \u00ab\u00a1Esta noticia le ha dado la vida!\u00bb. A la pregunta de si planea que su madre sea la madrina responde: \u00ab\u00a1C\u00f3mo no va a estar mi madre en la boda! \u00bfQui\u00e9n me llevar\u00e1 al altar si no? \u00a1Por supuesto que estar\u00e1! Tanto ella como mi familia\u00bb. Todo apunta a que ser\u00e1 a finales de este mes de mayo cuando Isabel Pantoja pueda disfrutar de su primer permiso fuera de la c\u00e1rcel.<\/p>\n<p>El DJ est\u00e1 encantado y as\u00ed lo demostr\u00f3 en un v\u00eddeo que colg\u00f3 en las redes sociales, <strong>en el que agradec\u00eda a sus fans el cari\u00f1o y las felicitaciones<\/strong> que ha recibido, una vez que se ha hecho p\u00fablica la noticia. Sin duda, Kiko e Irene tienen motivos para estar contentos.<\/p>\n","protected":false},"excerpt":{"rendered":"<p>Kiko Rivera\u00a0su boda y su pr\u00f3xima paternidad. El hijo de Isabel Pantoja planea su boda para el a\u00f1o que viene con Irene Rosales, una bella sevillana de quien se enamor\u00f3 hace un a\u00f1o y de quien espera su segundo hijo, su primero juntos, ya que es padre de Francisco, fruto de su relaci\u00f3n con la [&hellip;]<\/p>\n","protected":false},"author":3,"featured_media":6071,"comment_status":"open","ping_status":"open","sticky":false,"template":"","format":"standard","meta":{"footnotes":""},"categories":[1,85],"tags":[],"class_list":["post-6070","post","type-post","status-publish","format-standard","has-post-thumbnail","hentry","category-entretenimiento","category-espana"],"_links":{"self":[{"href":"https:\/\/2horizontes.com\/index.php?rest_route=\/wp\/v2\/posts\/6070","targetHints":{"allow":["GET"]}}],"collection":[{"href":"https:\/\/2horizontes.com\/index.php?rest_route=\/wp\/v2\/posts"}],"about":[{"href":"https:\/\/2horizontes.com\/index.php?rest_route=\/wp\/v2\/types\/post"}],"author":[{"embeddable":true,"href":"https:\/\/2horizontes.com\/index.php?rest_route=\/wp\/v2\/users\/3"}],"replies":[{"embeddable":true,"href":"https:\/\/2horizontes.com\/index.php?rest_route=%2Fwp%2Fv2%2Fcomments&post=6070"}],"version-history":[{"count":1,"href":"https:\/\/2horizontes.com\/index.php?rest_route=\/wp\/v2\/posts\/6070\/revisions"}],"predecessor-version":[{"id":6072,"href":"https:\/\/2horizontes.com\/index.php?rest_route=\/wp\/v2\/posts\/6070\/revisions\/6072"}],"wp:featuredmedia":[{"embeddable":true,"href":"https:\/\/2horizontes.com\/index.php?rest_route=\/wp\/v2\/media\/6071"}],"wp:attachment":[{"href":"https:\/\/2horizontes.com\/index.php?rest_route=%2Fwp%2Fv2%2Fmedia&parent=6070"}],"wp:term":[{"taxonomy":"category","embeddable":true,"href":"https:\/\/2horizontes.com\/index.php?rest_route=%2Fwp%2Fv2%2Fcategories&post=6070"},{"taxonomy":"post_tag","embeddable":true,"href":"https:\/\/2horizontes.com\/index.php?rest_route=%2Fwp%2Fv2%2Ftags&post=6070"}],"curies":[{"name":"wp","href":"https:\/\/api.w.org\/{rel}","templated":true}]}}