{"id":6066,"date":"2015-05-06T20:20:37","date_gmt":"2015-05-06T19:20:37","guid":{"rendered":"http:\/\/2horizontes.com\/?p=6066"},"modified":"2015-05-06T20:21:25","modified_gmt":"2015-05-06T19:21:25","slug":"harlem-globetrotters-visitan-al-papa","status":"publish","type":"post","link":"https:\/\/2horizontes.com\/?p=6066","title":{"rendered":"Harlem Globetrotters visitan al Papa"},"content":{"rendered":"<p>Italia.- El <b>Papa Francisco<\/b> salud\u00f3 este mi\u00e9rcoles tras la audiencia general a un grupo de jugadores del legendario equipo de basquetbol <b>Harlem Globetrotters<\/b> y se entretuvo unos instantes jugando con el bal\u00f3n que llevaron a la <b>Plaza de San Pedro<\/b>.<\/p>\n<p>El diario de la Santa Sede, \u00abL&#8217;Osservatore Romano\u00bb, public\u00f3 hoy una imagen del Papa Francisco sonriente y girando sobre sus dedos un bal\u00f3n, ayudado por uno de los jugadores.<\/p>\n<p>Asimismo le han regalado una camiseta del equipo con el dorsal 90 y con el nombre \u00abPope Francis\u00bb (Papa Francisco en ingl\u00e9s).<\/p>\n<p>Es la novena vez que un Papa recibe a una delegaci\u00f3n de los <b>Harlem Globetrotters<\/b>, que el a\u00f1o que viene conmemorar\u00e1n el 90 aniversario de su nacimiento, en una \u00e9poca en la que la situaci\u00f3n de los negros era muy diferente a la actual.<\/p>\n<p>\u00abEn 1926 y durante muchos, demasiados a\u00f1os, los negros no pod\u00edan ni siquiera jugar basquetbol con los blancos y los Harlem han contribuido a superar las discriminaciones mediante el deporte unido al espect\u00e1culo en una dimensi\u00f3n social y solidaria\u00bb, dijeron al diario vaticano.<\/p>\n","protected":false},"excerpt":{"rendered":"<p>Italia.- El Papa Francisco salud\u00f3 este mi\u00e9rcoles tras la audiencia general a un grupo de jugadores del legendario equipo de basquetbol Harlem Globetrotters y se entretuvo unos instantes jugando con el bal\u00f3n que llevaron a la Plaza de San Pedro. El diario de la Santa Sede, \u00abL&#8217;Osservatore Romano\u00bb, public\u00f3 hoy una imagen del Papa Francisco [&hellip;]<\/p>\n","protected":false},"author":3,"featured_media":6067,"comment_status":"open","ping_status":"open","sticky":false,"template":"","format":"standard","meta":{"footnotes":""},"categories":[42],"tags":[],"class_list":["post-6066","post","type-post","status-publish","format-standard","has-post-thumbnail","hentry","category-deportes"],"_links":{"self":[{"href":"https:\/\/2horizontes.com\/index.php?rest_route=\/wp\/v2\/posts\/6066","targetHints":{"allow":["GET"]}}],"collection":[{"href":"https:\/\/2horizontes.com\/index.php?rest_route=\/wp\/v2\/posts"}],"about":[{"href":"https:\/\/2horizontes.com\/index.php?rest_route=\/wp\/v2\/types\/post"}],"author":[{"embeddable":true,"href":"https:\/\/2horizontes.com\/index.php?rest_route=\/wp\/v2\/users\/3"}],"replies":[{"embeddable":true,"href":"https:\/\/2horizontes.com\/index.php?rest_route=%2Fwp%2Fv2%2Fcomments&post=6066"}],"version-history":[{"count":2,"href":"https:\/\/2horizontes.com\/index.php?rest_route=\/wp\/v2\/posts\/6066\/revisions"}],"predecessor-version":[{"id":6069,"href":"https:\/\/2horizontes.com\/index.php?rest_route=\/wp\/v2\/posts\/6066\/revisions\/6069"}],"wp:featuredmedia":[{"embeddable":true,"href":"https:\/\/2horizontes.com\/index.php?rest_route=\/wp\/v2\/media\/6067"}],"wp:attachment":[{"href":"https:\/\/2horizontes.com\/index.php?rest_route=%2Fwp%2Fv2%2Fmedia&parent=6066"}],"wp:term":[{"taxonomy":"category","embeddable":true,"href":"https:\/\/2horizontes.com\/index.php?rest_route=%2Fwp%2Fv2%2Fcategories&post=6066"},{"taxonomy":"post_tag","embeddable":true,"href":"https:\/\/2horizontes.com\/index.php?rest_route=%2Fwp%2Fv2%2Ftags&post=6066"}],"curies":[{"name":"wp","href":"https:\/\/api.w.org\/{rel}","templated":true}]}}