{"id":60559,"date":"2016-12-03T21:37:02","date_gmt":"2016-12-03T20:37:02","guid":{"rendered":"http:\/\/2horizontes.com\/?p=60559"},"modified":"2016-12-03T21:37:02","modified_gmt":"2016-12-03T20:37:02","slug":"ciudadanos-cs-tetuan-tacha-las-cuentas-de-ahora-madrid-para-el-distrito-como-los-presupuestos-del-olvido","status":"publish","type":"post","link":"https:\/\/2horizontes.com\/?p=60559","title":{"rendered":"Ciudadanos (C\u00b4s) Tetu\u00e1n tacha las cuentas de Ahora Madrid para el distrito como los \u201cpresupuestos del olvido\u201d"},"content":{"rendered":"<p>El portavoz ha calificado los presupuestos como los del olvido, ya que Monserrat Galcer\u00e1n,se ha olvidado de los mayores, de los j\u00f3venes, de los discapacitados, de los vecinos del paseo de la direcci\u00f3n y de los de la Remonta.<\/p>\n<p>Ciudadanos (C\u00b4s) Tetu\u00e1n durante sus intervenciones en el pleno extraordinario de presupuesto, ha puesto el acento en los grandes olvidados por Ahora Madrid. Llamando la atenci\u00f3n sobre el presupuesto dedicado a los mayores, ya que el gobierno ha recortado un mill\u00f3n de euros, algo llamativo teniendo en cuenta que Tetu\u00e1n es un distrito donde el n\u00famero de mayores va en aumento.<\/p>\n<p>Pero esto es solo el inicio, ya que el portavoz del partido capitaneado en el distrito por la concejal de Ciudadanos Sof\u00eda Miranda, exigi\u00f3 a la concejal presidente de Ahora Madrid, que <strong>\u201chagan ustedes un reparto equitativo de los presupuestos, no puede ser que el Mercado de San Enrique reciba 2 millones de euros cuando en 2007 se reform\u00f3 con un coste de 5 millones de euros. Y luego ustedes destinan para la Remonta s\u00f3lo 300 mil euros para su reforma y 100 mil m\u00e1s para el arbolado, es un error grave, cuando ustedes saben que la plaza de la Remonta necesita una reforma integral. Una vez m\u00e1s ustedes se han olvidado de los vecinos afectados\u201d.<\/strong><\/p>\n<p>Adem\u00e1s, el portavoz de la formaci\u00f3n naranja, le record\u00f3 a Ahora Madrid, la falta de inversiones en el presupuesto para los j\u00f3venes. Una poblaci\u00f3n que completamente olvidada por el gobierno de Galcer\u00e1n. Algo que la propia concejal presidente, reconoci\u00f3.<\/p>\n<p>Y es que los presupuestos que ha presentado el gobierno para Tetu\u00e1n, no solucionan tampoco los problemas de las personas discapacitadas, <strong>\u201cporque solo hay 45 plazas en todo el distrito para personas con discapacidad general y si buscamos plazas para discapacitados con dependencia de un tercero, \u00fanicamente hay 12 plazas. Cuando sabemos que s\u00f3lo con discapacidad mental hay en el distrito m\u00e1s de 80 ni\u00f1os y j\u00f3venes que participan diariamente en actividades con asociaciones del distrito, que adem\u00e1s no reciben subvenciones de este Gobierno<\/strong>\u201d.<\/p>\n<p>Por \u00faltimo el portavoz de Ciudadanos (C\u00b4s) Tetu\u00e1n record\u00f3 a la se\u00f1ora Galcer\u00e1n que \u201c<strong>est\u00e1n ustedes convirtiendo a los vecinos del paseo de la direcci\u00f3n en personas en exclusi\u00f3n social\u201d<\/strong>, aclarando que lo dec\u00eda por la falta de dinero que se va a destinar a los vecinos afectados por este problema. Apuntado adem\u00e1s, <strong>\u201cel dinero que van a invertir ustedes en las obras del paseo de la direcci\u00f3n, es la\u00a0 factura que tendr\u00eda que haber pagado la empresa Dragados\u201d<\/strong>.<\/p>\n<p>La intervenci\u00f3n de Ciudadanos (C\u00b4s) Tetu\u00e1n termin\u00f3 recordando al gobierno de Ahora Madrid en el distrito, que no sirve de nada poner n\u00fameros en el presupuesto si luego no ejecutan nada, como ha ocurrido en 2016, donde el 89% del presupuesto se ha dejado sin invertir. A\u00f1adiendo, <strong>\u201cvan a pasar ustedes a la historia\u2026 A la historia que los madrile\u00f1os querr\u00e1n olvidar\u201d.<\/strong><\/p>\n","protected":false},"excerpt":{"rendered":"<p>El portavoz ha calificado los presupuestos como los del olvido, ya que Monserrat Galcer\u00e1n,se ha olvidado de los mayores, de los j\u00f3venes, de los discapacitados, de los vecinos del paseo de la direcci\u00f3n y de los de la Remonta. Ciudadanos (C\u00b4s) Tetu\u00e1n durante sus intervenciones en el pleno extraordinario de presupuesto, ha puesto el acento [&hellip;]<\/p>\n","protected":false},"author":1,"featured_media":60560,"comment_status":"open","ping_status":"open","sticky":false,"template":"","format":"standard","meta":{"footnotes":""},"categories":[85,43],"tags":[],"class_list":["post-60559","post","type-post","status-publish","format-standard","has-post-thumbnail","hentry","category-espana","category-politica"],"_links":{"self":[{"href":"https:\/\/2horizontes.com\/index.php?rest_route=\/wp\/v2\/posts\/60559","targetHints":{"allow":["GET"]}}],"collection":[{"href":"https:\/\/2horizontes.com\/index.php?rest_route=\/wp\/v2\/posts"}],"about":[{"href":"https:\/\/2horizontes.com\/index.php?rest_route=\/wp\/v2\/types\/post"}],"author":[{"embeddable":true,"href":"https:\/\/2horizontes.com\/index.php?rest_route=\/wp\/v2\/users\/1"}],"replies":[{"embeddable":true,"href":"https:\/\/2horizontes.com\/index.php?rest_route=%2Fwp%2Fv2%2Fcomments&post=60559"}],"version-history":[{"count":1,"href":"https:\/\/2horizontes.com\/index.php?rest_route=\/wp\/v2\/posts\/60559\/revisions"}],"predecessor-version":[{"id":60561,"href":"https:\/\/2horizontes.com\/index.php?rest_route=\/wp\/v2\/posts\/60559\/revisions\/60561"}],"wp:featuredmedia":[{"embeddable":true,"href":"https:\/\/2horizontes.com\/index.php?rest_route=\/wp\/v2\/media\/60560"}],"wp:attachment":[{"href":"https:\/\/2horizontes.com\/index.php?rest_route=%2Fwp%2Fv2%2Fmedia&parent=60559"}],"wp:term":[{"taxonomy":"category","embeddable":true,"href":"https:\/\/2horizontes.com\/index.php?rest_route=%2Fwp%2Fv2%2Fcategories&post=60559"},{"taxonomy":"post_tag","embeddable":true,"href":"https:\/\/2horizontes.com\/index.php?rest_route=%2Fwp%2Fv2%2Ftags&post=60559"}],"curies":[{"name":"wp","href":"https:\/\/api.w.org\/{rel}","templated":true}]}}