{"id":60539,"date":"2016-12-02T11:32:05","date_gmt":"2016-12-02T10:32:05","guid":{"rendered":"http:\/\/2horizontes.com\/?p=60539"},"modified":"2016-12-02T11:32:05","modified_gmt":"2016-12-02T10:32:05","slug":"shakira-reina-en-la-fiesta-50-aniversario-de-los40","status":"publish","type":"post","link":"https:\/\/2horizontes.com\/?p=60539","title":{"rendered":"Shakira reina en la fiesta 50 aniversario de Los40"},"content":{"rendered":"<p>Cuando Shakira lleg\u00f3 al photocall, hasta Robbie Williams se hab\u00eda acomodado ya en su sitio. La artista colombiana pos\u00f3 ante los fot\u00f3grafos con su familia, el barcelonista Gerard Piqu\u00e9 y los peque\u00f1os Milan y Sasha e, inmortalizada la feliz estampa, los organizadores se la llevaban ya para dentro. La gala estaba a punto de comenzar y el tiempo apremiaba.<\/p>\n<p>Pero la artista, en un gesto de cari\u00f1o a la prensa, decidi\u00f3 cumplir con su compromiso en la alfombra roja. Lo primero que hizo fue disculparse por haber llegado con el tiempo tan justo: \u201cLo siento chicos, pero con ni\u00f1os peque\u00f1os ya se sabe\u2026 Me ha sido imposible llegar antes\u201d. Categor\u00eda de una estrella internacional ante la soberbia de algunos otros que se creen Sinatra con un disco en el mercado.<\/p>\n<p>Shakira ven\u00eda a recoger alg\u00fan premio: dos nominaciones era s\u00edntoma de que su trayectoria ser\u00eda reconocida y dej\u00f3 en el aire una pr\u00f3xima actuaci\u00f3n. \u201cEso me queda como asignatura pendiente. Hay tanta gente que me ha ayudado en mi carrera\u2026 Pero vamos a esperar que llegue el momento\u201d, se refiri\u00f3 respecto a las dedicatorias\u201d.<\/p>\n<p>La cantante explic\u00f3 que, pese a la aventura continua que atraviesa una cantante para mantenerse arriba, su mayor proeza ha sido ser madre. \u201cEs el desaf\u00edo de todas las mujeres. Llevar un balance, un equilibrio para poder seguir haciendo lo que te gusta y compaginarlo todo\u2026 El de madre es el papel m\u00e1s dif\u00edcil que he desempe\u00f1ado en mi vida. seguro. Pero estoy muy feliz de poder compartir este momento con mis hijos\u201d.<\/p>\n<p>Robbie Williams, tras recibir el &#8216;Premio Golden&#8217; durante la fiesta del 50 aniversario de la Cadena Los40<br \/>\nRobbie Williams, tras recibir el &#8216;Premio Golden&#8217; durante la fiesta del 50 aniversario de la Cadena Los40.<\/p>\n<p>Su compa\u00f1ero de viaje en unos de los premios, Carlos Vives, enmend\u00f3 varias veces el (perdonado) despiste cuando hace unas semanas se alz\u00f3 con un Grammy Latino y se olvid\u00f3 en el turno de agradecimientos de su partenaire en el single La bicicleta.<\/p>\n<p>El artista ped\u00eda perd\u00f3n con una sonrisa y luego en el escenario todo fueron loas a Shakira. \u201cDe Espa\u00f1a admiro a Miguel Bos\u00e9, Alejandro Sanz y el grupo Esclarecidos. En el mundo de la m\u00fasica y el arte no entiendo la rivalidad; s\u00ed en el deporte. Pero no es f\u00e1cil comparar canciones. Solo puede uno atender al n\u00famero de likes o descargas, pero yo procuro no sentirme ganador. \u00bfA qui\u00e9n llevar\u00eda en la bicicleta? Por lo genera llevo a mi se\u00f1ora y no me queda m\u00e1s sitio (risas). Pero llevar\u00eda al papa Francisco. \u00a1Y a Torrente! (risas)\u201d, explicaba completamente desatado.<\/p>\n","protected":false},"excerpt":{"rendered":"<p>Cuando Shakira lleg\u00f3 al photocall, hasta Robbie Williams se hab\u00eda acomodado ya en su sitio. La artista colombiana pos\u00f3 ante los fot\u00f3grafos con su familia, el barcelonista Gerard Piqu\u00e9 y los peque\u00f1os Milan y Sasha e, inmortalizada la feliz estampa, los organizadores se la llevaban ya para dentro. La gala estaba a punto de comenzar [&hellip;]<\/p>\n","protected":false},"author":3,"featured_media":60540,"comment_status":"open","ping_status":"open","sticky":false,"template":"","format":"standard","meta":{"footnotes":""},"categories":[1,85],"tags":[],"class_list":["post-60539","post","type-post","status-publish","format-standard","has-post-thumbnail","hentry","category-entretenimiento","category-espana"],"_links":{"self":[{"href":"https:\/\/2horizontes.com\/index.php?rest_route=\/wp\/v2\/posts\/60539","targetHints":{"allow":["GET"]}}],"collection":[{"href":"https:\/\/2horizontes.com\/index.php?rest_route=\/wp\/v2\/posts"}],"about":[{"href":"https:\/\/2horizontes.com\/index.php?rest_route=\/wp\/v2\/types\/post"}],"author":[{"embeddable":true,"href":"https:\/\/2horizontes.com\/index.php?rest_route=\/wp\/v2\/users\/3"}],"replies":[{"embeddable":true,"href":"https:\/\/2horizontes.com\/index.php?rest_route=%2Fwp%2Fv2%2Fcomments&post=60539"}],"version-history":[{"count":1,"href":"https:\/\/2horizontes.com\/index.php?rest_route=\/wp\/v2\/posts\/60539\/revisions"}],"predecessor-version":[{"id":60541,"href":"https:\/\/2horizontes.com\/index.php?rest_route=\/wp\/v2\/posts\/60539\/revisions\/60541"}],"wp:featuredmedia":[{"embeddable":true,"href":"https:\/\/2horizontes.com\/index.php?rest_route=\/wp\/v2\/media\/60540"}],"wp:attachment":[{"href":"https:\/\/2horizontes.com\/index.php?rest_route=%2Fwp%2Fv2%2Fmedia&parent=60539"}],"wp:term":[{"taxonomy":"category","embeddable":true,"href":"https:\/\/2horizontes.com\/index.php?rest_route=%2Fwp%2Fv2%2Fcategories&post=60539"},{"taxonomy":"post_tag","embeddable":true,"href":"https:\/\/2horizontes.com\/index.php?rest_route=%2Fwp%2Fv2%2Ftags&post=60539"}],"curies":[{"name":"wp","href":"https:\/\/api.w.org\/{rel}","templated":true}]}}