{"id":60512,"date":"2016-12-01T16:19:45","date_gmt":"2016-12-01T15:19:45","guid":{"rendered":"http:\/\/2horizontes.com\/?p=60512"},"modified":"2016-12-01T16:19:45","modified_gmt":"2016-12-01T15:19:45","slug":"arreglar-conflicto-de-venezuela-facilitara-negocios-de-mercosur","status":"publish","type":"post","link":"https:\/\/2horizontes.com\/?p=60512","title":{"rendered":"Arreglar conflicto de Venezuela facilitar\u00e1 negocios de Mercosur"},"content":{"rendered":"<p>El embajador de Argentina en Uruguay, Guillermo Montenegro, asegur\u00f3, este mi\u00e9rcoles, que la situaci\u00f3n del\u00a0Mercosur\u00a0se arreglar\u00e1 cuando se solucione el conflicto con Venezuela, algo que, seg\u00fan calcul\u00f3, suceder\u00e1 en los meses de \u00abdiciembre o enero\u00bb.<\/p>\n<p>As\u00ed lo expres\u00f3 el diplom\u00e1tico argentino, quien opin\u00f3 que una vez se solvente la situaci\u00f3n de Venezuela con respecto al\u00a0Mercosur, el bloque regional \u00abvolver\u00e1 a ser un lugar que facilite los negocios para los pa\u00edses\u00bb.<\/p>\n<p>Este martes, el gobierno venezolano comunic\u00f3 a los Estados parte del\u00a0Mercosur\u00a0que est\u00e1 \u00aben condiciones\u00bb de adherirse al protocolo normativo del bloque.<\/p>\n<p>\u00abMercosur es un tratado de comercio que despu\u00e9s se transform\u00f3 en una cuesti\u00f3n pol\u00edtica\u00bb, explic\u00f3 el embajador argentino sobre el ente bilateral, en entrevista a un programa televisivo uruguayo.<\/p>\n<p>Este jueves, se cumpli\u00f3 el plazo que establecieron Argentina, Brasil y Paraguay \u2013mayor\u00eda dentro del \u00f3rgano de integraci\u00f3n- para que Venezuela se adhiriera a \u00a0los acuerdos. Adem\u00e1s, el plazo comprend\u00eda que el gobierno de Nicol\u00e1s Maduro se comprometiera a respetar los derechos humanos y los estatutos democr\u00e1ticos.<\/p>\n<p>Si Venezuela no lo hace, podr\u00eda ser vetada o expulsada \u2013en el peor de los casos- de Mercosur.<\/p>\n<p>\u00ab\u00bfTuvo (el\u00a0Mercosur) buenos resultados? Yo creo que los tiene que tener y que tiene que haber un esfuerzo por parte de los gobiernos de que no sea solamente una discusi\u00f3n permanente\u00bb, concluy\u00f3 Montenegro.<\/p>\n","protected":false},"excerpt":{"rendered":"<p>El embajador de Argentina en Uruguay, Guillermo Montenegro, asegur\u00f3, este mi\u00e9rcoles, que la situaci\u00f3n del\u00a0Mercosur\u00a0se arreglar\u00e1 cuando se solucione el conflicto con Venezuela, algo que, seg\u00fan calcul\u00f3, suceder\u00e1 en los meses de \u00abdiciembre o enero\u00bb. As\u00ed lo expres\u00f3 el diplom\u00e1tico argentino, quien opin\u00f3 que una vez se solvente la situaci\u00f3n de Venezuela con respecto al\u00a0Mercosur, [&hellip;]<\/p>\n","protected":false},"author":13240,"featured_media":60514,"comment_status":"open","ping_status":"open","sticky":false,"template":"","format":"standard","meta":{"footnotes":""},"categories":[40,43,48],"tags":[],"class_list":["post-60512","post","type-post","status-publish","format-standard","has-post-thumbnail","hentry","category-internacionales","category-politica","category-venezuela"],"_links":{"self":[{"href":"https:\/\/2horizontes.com\/index.php?rest_route=\/wp\/v2\/posts\/60512","targetHints":{"allow":["GET"]}}],"collection":[{"href":"https:\/\/2horizontes.com\/index.php?rest_route=\/wp\/v2\/posts"}],"about":[{"href":"https:\/\/2horizontes.com\/index.php?rest_route=\/wp\/v2\/types\/post"}],"author":[{"embeddable":true,"href":"https:\/\/2horizontes.com\/index.php?rest_route=\/wp\/v2\/users\/13240"}],"replies":[{"embeddable":true,"href":"https:\/\/2horizontes.com\/index.php?rest_route=%2Fwp%2Fv2%2Fcomments&post=60512"}],"version-history":[{"count":1,"href":"https:\/\/2horizontes.com\/index.php?rest_route=\/wp\/v2\/posts\/60512\/revisions"}],"predecessor-version":[{"id":60515,"href":"https:\/\/2horizontes.com\/index.php?rest_route=\/wp\/v2\/posts\/60512\/revisions\/60515"}],"wp:featuredmedia":[{"embeddable":true,"href":"https:\/\/2horizontes.com\/index.php?rest_route=\/wp\/v2\/media\/60514"}],"wp:attachment":[{"href":"https:\/\/2horizontes.com\/index.php?rest_route=%2Fwp%2Fv2%2Fmedia&parent=60512"}],"wp:term":[{"taxonomy":"category","embeddable":true,"href":"https:\/\/2horizontes.com\/index.php?rest_route=%2Fwp%2Fv2%2Fcategories&post=60512"},{"taxonomy":"post_tag","embeddable":true,"href":"https:\/\/2horizontes.com\/index.php?rest_route=%2Fwp%2Fv2%2Ftags&post=60512"}],"curies":[{"name":"wp","href":"https:\/\/api.w.org\/{rel}","templated":true}]}}