{"id":60493,"date":"2016-12-01T11:57:17","date_gmt":"2016-12-01T10:57:17","guid":{"rendered":"http:\/\/2horizontes.com\/?p=60493"},"modified":"2016-12-01T11:57:17","modified_gmt":"2016-12-01T10:57:17","slug":"confirmado-el-avion-del-chapecoense-carecia-de-combustible-al-estrellarse","status":"publish","type":"post","link":"https:\/\/2horizontes.com\/?p=60493","title":{"rendered":"Confirmado: el avi\u00f3n del Chapecoense carec\u00eda de combustible al estrellarse"},"content":{"rendered":"<p>Las autoridades aeron\u00e1uticas colombianas confirmaron hoy que el avi\u00f3n accidentado cerca del aeropuerto de Medell\u00edn que dej\u00f3 71 muertos, entre ellos buena parte de la plantilla del club de f\u00fatbol brasile\u00f1o Chapecoense, \u201cno ten\u00eda combustible\u201d en el momento del impacto.<\/p>\n<p>\u201cPodemos afirmar claramente que la aeronave no ten\u00eda combustible en el momento del impacto, por lo tanto iniciamos un proceso de investigaci\u00f3n para poder establecer el motivo\u201d, dijo en rueda de prensa el secretario de seguridad de la Aeron\u00e1utica Civil (Aerocivil) de Colombia, Fredy Bonilla.<\/p>\n<p>El avi\u00f3n, de la compa\u00f1\u00eda boliviana Lamia, se estrell\u00f3 el lunes a solo 17 kil\u00f3metros de la cabecera de la pista del aeropuerto Jos\u00e9 Mar\u00eda C\u00f3rdova de Rionegro, que sirve a Medell\u00edn, lo que caus\u00f3 71 fallecidos y dej\u00f3 seis supervivientes entre sus 77 ocupantes.<\/p>\n<p>La falta de combustible es una de las hip\u00f3tesis que se manejan para explicar el accidente ocurrido en Cerro Gordo, en la jurisdicci\u00f3n de La Uni\u00f3n, localidad cercana a Medell\u00edn.<\/p>\n<p>Bonilla record\u00f3 que las normas internacionales establecen que una aeronave debe contar con el combustible suficiente para cubrir la ruta y tener una reserva adicional, adem\u00e1s de contar con un aeropuerto alternativo para aterrizar en caso de necesidad.<\/p>\n","protected":false},"excerpt":{"rendered":"<p>Las autoridades aeron\u00e1uticas colombianas confirmaron hoy que el avi\u00f3n accidentado cerca del aeropuerto de Medell\u00edn que dej\u00f3 71 muertos, entre ellos buena parte de la plantilla del club de f\u00fatbol brasile\u00f1o Chapecoense, \u201cno ten\u00eda combustible\u201d en el momento del impacto. \u201cPodemos afirmar claramente que la aeronave no ten\u00eda combustible en el momento del impacto, por [&hellip;]<\/p>\n","protected":false},"author":3,"featured_media":60494,"comment_status":"open","ping_status":"open","sticky":false,"template":"","format":"standard","meta":{"footnotes":""},"categories":[42,40],"tags":[],"class_list":["post-60493","post","type-post","status-publish","format-standard","has-post-thumbnail","hentry","category-deportes","category-internacionales"],"_links":{"self":[{"href":"https:\/\/2horizontes.com\/index.php?rest_route=\/wp\/v2\/posts\/60493","targetHints":{"allow":["GET"]}}],"collection":[{"href":"https:\/\/2horizontes.com\/index.php?rest_route=\/wp\/v2\/posts"}],"about":[{"href":"https:\/\/2horizontes.com\/index.php?rest_route=\/wp\/v2\/types\/post"}],"author":[{"embeddable":true,"href":"https:\/\/2horizontes.com\/index.php?rest_route=\/wp\/v2\/users\/3"}],"replies":[{"embeddable":true,"href":"https:\/\/2horizontes.com\/index.php?rest_route=%2Fwp%2Fv2%2Fcomments&post=60493"}],"version-history":[{"count":1,"href":"https:\/\/2horizontes.com\/index.php?rest_route=\/wp\/v2\/posts\/60493\/revisions"}],"predecessor-version":[{"id":60495,"href":"https:\/\/2horizontes.com\/index.php?rest_route=\/wp\/v2\/posts\/60493\/revisions\/60495"}],"wp:featuredmedia":[{"embeddable":true,"href":"https:\/\/2horizontes.com\/index.php?rest_route=\/wp\/v2\/media\/60494"}],"wp:attachment":[{"href":"https:\/\/2horizontes.com\/index.php?rest_route=%2Fwp%2Fv2%2Fmedia&parent=60493"}],"wp:term":[{"taxonomy":"category","embeddable":true,"href":"https:\/\/2horizontes.com\/index.php?rest_route=%2Fwp%2Fv2%2Fcategories&post=60493"},{"taxonomy":"post_tag","embeddable":true,"href":"https:\/\/2horizontes.com\/index.php?rest_route=%2Fwp%2Fv2%2Ftags&post=60493"}],"curies":[{"name":"wp","href":"https:\/\/api.w.org\/{rel}","templated":true}]}}