{"id":60489,"date":"2016-12-01T11:54:04","date_gmt":"2016-12-01T10:54:04","guid":{"rendered":"http:\/\/2horizontes.com\/?p=60489"},"modified":"2016-12-01T11:54:04","modified_gmt":"2016-12-01T10:54:04","slug":"la-basura-se-empieza-a-acumular-en-el-aeropuerto-del-prat-por-la-huelga-de-limpieza","status":"publish","type":"post","link":"https:\/\/2horizontes.com\/?p=60489","title":{"rendered":"La basura se empieza a acumular en el aeropuerto del Prat por la huelga de limpieza"},"content":{"rendered":"<p>Las consecuencias de la huelga de limpieza en el aeropuerto de Barcelona-El Prat empiezan a ser m\u00e1s que visibles. Papeleras desbordabas y basura acumulada son algunas de las im\u00e1genes en las terminales desde que el lunes se inici\u00f3 la huelga, convocada por los trabajadores de Valoriza, del Grupo Sacyr, empresa encargada de la limpieza.<\/p>\n<p>Los sindicatos UGT y CCOO han convocado una huelga del servicio de limpieza en las terminales del Aeropuerto de Barcelona-El Prat desde el 28 de noviembre al 2 de diciembre, y los d\u00edas 22 y 23 de diciembre.<\/p>\n<p>Imagen de papeleras llenas y basura en el aeropuerto del Prat<br \/>\nImagen de papeleras llenas y basura en el aeropuerto del Prat (Archivo)<br \/>\nCon el par\u00f3n quieren rechazar la reorganizaci\u00f3n que la empresa propone a los trabajadores para poder asumir la rebaja del 20 % (1,4 millones) que la empresa hizo en la oferta presentada para adjudicarse los servicios de limpieza en la T1, la T2 y las oficinas de Aena.<\/p>\n<p>Fuentes de CCOO han detallado que dicha reorganizaci\u00f3n supondr\u00eda que los turnos de los trabajadores, con contratos de 35 horas semanales, pasar\u00edan a ser de siete horas para ajustarse a esta cifra, en vez de las ocho horas que realizan actualmente.<\/p>\n","protected":false},"excerpt":{"rendered":"<p>Las consecuencias de la huelga de limpieza en el aeropuerto de Barcelona-El Prat empiezan a ser m\u00e1s que visibles. Papeleras desbordabas y basura acumulada son algunas de las im\u00e1genes en las terminales desde que el lunes se inici\u00f3 la huelga, convocada por los trabajadores de Valoriza, del Grupo Sacyr, empresa encargada de la limpieza. Los [&hellip;]<\/p>\n","protected":false},"author":3,"featured_media":60490,"comment_status":"open","ping_status":"open","sticky":false,"template":"","format":"standard","meta":{"footnotes":""},"categories":[85],"tags":[],"class_list":["post-60489","post","type-post","status-publish","format-standard","has-post-thumbnail","hentry","category-espana"],"_links":{"self":[{"href":"https:\/\/2horizontes.com\/index.php?rest_route=\/wp\/v2\/posts\/60489","targetHints":{"allow":["GET"]}}],"collection":[{"href":"https:\/\/2horizontes.com\/index.php?rest_route=\/wp\/v2\/posts"}],"about":[{"href":"https:\/\/2horizontes.com\/index.php?rest_route=\/wp\/v2\/types\/post"}],"author":[{"embeddable":true,"href":"https:\/\/2horizontes.com\/index.php?rest_route=\/wp\/v2\/users\/3"}],"replies":[{"embeddable":true,"href":"https:\/\/2horizontes.com\/index.php?rest_route=%2Fwp%2Fv2%2Fcomments&post=60489"}],"version-history":[{"count":1,"href":"https:\/\/2horizontes.com\/index.php?rest_route=\/wp\/v2\/posts\/60489\/revisions"}],"predecessor-version":[{"id":60491,"href":"https:\/\/2horizontes.com\/index.php?rest_route=\/wp\/v2\/posts\/60489\/revisions\/60491"}],"wp:featuredmedia":[{"embeddable":true,"href":"https:\/\/2horizontes.com\/index.php?rest_route=\/wp\/v2\/media\/60490"}],"wp:attachment":[{"href":"https:\/\/2horizontes.com\/index.php?rest_route=%2Fwp%2Fv2%2Fmedia&parent=60489"}],"wp:term":[{"taxonomy":"category","embeddable":true,"href":"https:\/\/2horizontes.com\/index.php?rest_route=%2Fwp%2Fv2%2Fcategories&post=60489"},{"taxonomy":"post_tag","embeddable":true,"href":"https:\/\/2horizontes.com\/index.php?rest_route=%2Fwp%2Fv2%2Ftags&post=60489"}],"curies":[{"name":"wp","href":"https:\/\/api.w.org\/{rel}","templated":true}]}}