{"id":60486,"date":"2016-12-01T11:51:31","date_gmt":"2016-12-01T10:51:31","guid":{"rendered":"http:\/\/2horizontes.com\/?p=60486"},"modified":"2016-12-01T11:51:31","modified_gmt":"2016-12-01T10:51:31","slug":"una-averia-en-la-linea-1-de-metro-recien-reformada-provoca-el-caos-en-madrid","status":"publish","type":"post","link":"https:\/\/2horizontes.com\/?p=60486","title":{"rendered":"Una aver\u00eda en la l\u00ednea 1 de Metro reci\u00e9n reformada provoca el caos en Madrid"},"content":{"rendered":"<p>El metro de Madrid se ha convertido esta ma\u00f1ana en una ratonera para sus usuarios despu\u00e9s de que la l\u00ednea, tras tres meses cortada por obras de mejora, haya interrumpido su servicio por espacio de m\u00e1s de dos horas y media entre las estaciones de Plaza de Castilla y Cuatro Caminos.<\/p>\n<p>Este bloqueo en los dos sentidos de la l\u00ednea por una aver\u00eda en el cable del alumbrado de las instalaciones, ha provocado que muchos usuarios hayan tenido que cambiar su trayecto e, incluso, ir andando a otras estaciones para acceder a otras l\u00edneas provocando retenciones menores en otras l\u00edneas como la 5 y la 10.<\/p>\n","protected":false},"excerpt":{"rendered":"<p>El metro de Madrid se ha convertido esta ma\u00f1ana en una ratonera para sus usuarios despu\u00e9s de que la l\u00ednea, tras tres meses cortada por obras de mejora, haya interrumpido su servicio por espacio de m\u00e1s de dos horas y media entre las estaciones de Plaza de Castilla y Cuatro Caminos. Este bloqueo en los [&hellip;]<\/p>\n","protected":false},"author":3,"featured_media":60487,"comment_status":"open","ping_status":"open","sticky":false,"template":"","format":"standard","meta":{"footnotes":""},"categories":[85],"tags":[],"class_list":["post-60486","post","type-post","status-publish","format-standard","has-post-thumbnail","hentry","category-espana"],"_links":{"self":[{"href":"https:\/\/2horizontes.com\/index.php?rest_route=\/wp\/v2\/posts\/60486","targetHints":{"allow":["GET"]}}],"collection":[{"href":"https:\/\/2horizontes.com\/index.php?rest_route=\/wp\/v2\/posts"}],"about":[{"href":"https:\/\/2horizontes.com\/index.php?rest_route=\/wp\/v2\/types\/post"}],"author":[{"embeddable":true,"href":"https:\/\/2horizontes.com\/index.php?rest_route=\/wp\/v2\/users\/3"}],"replies":[{"embeddable":true,"href":"https:\/\/2horizontes.com\/index.php?rest_route=%2Fwp%2Fv2%2Fcomments&post=60486"}],"version-history":[{"count":1,"href":"https:\/\/2horizontes.com\/index.php?rest_route=\/wp\/v2\/posts\/60486\/revisions"}],"predecessor-version":[{"id":60488,"href":"https:\/\/2horizontes.com\/index.php?rest_route=\/wp\/v2\/posts\/60486\/revisions\/60488"}],"wp:featuredmedia":[{"embeddable":true,"href":"https:\/\/2horizontes.com\/index.php?rest_route=\/wp\/v2\/media\/60487"}],"wp:attachment":[{"href":"https:\/\/2horizontes.com\/index.php?rest_route=%2Fwp%2Fv2%2Fmedia&parent=60486"}],"wp:term":[{"taxonomy":"category","embeddable":true,"href":"https:\/\/2horizontes.com\/index.php?rest_route=%2Fwp%2Fv2%2Fcategories&post=60486"},{"taxonomy":"post_tag","embeddable":true,"href":"https:\/\/2horizontes.com\/index.php?rest_route=%2Fwp%2Fv2%2Ftags&post=60486"}],"curies":[{"name":"wp","href":"https:\/\/api.w.org\/{rel}","templated":true}]}}