{"id":60439,"date":"2016-11-29T16:37:47","date_gmt":"2016-11-29T15:37:47","guid":{"rendered":"http:\/\/2horizontes.com\/?p=60439"},"modified":"2016-11-29T16:37:47","modified_gmt":"2016-11-29T15:37:47","slug":"las-confesiones-de-la-protagonista-de-westworld-fui-violada-en-dos-ocasiones","status":"publish","type":"post","link":"https:\/\/2horizontes.com\/?p=60439","title":{"rendered":"Las confesiones de la protagonista de Westworld: Fui violada en dos ocasiones"},"content":{"rendered":"<p>Evan Rachel Wood hizo una dura confesi\u00f3n y revel\u00f3 que fue v\u00edctima de dos violaciones y que producto de ello intent\u00f3 quitarse la vida. En una carta enviada a Rolling Stone, la protagonista de <em>Westworld<\/em>\u00a0afirm\u00f3 que cuando ten\u00eda 22 a\u00f1os intent\u00f3 suicidarse, despu\u00e9s de ser abusada sexualmente en dos ocasiones.<\/p>\n<p>\u00abFui violada por alguien significativo mientras est\u00e1bamos juntos. Y en otra ocasi\u00f3n, por el due\u00f1o de un bar\u00bb, asegur\u00f3 la actriz por medio de la misiva.<\/p>\n<p>\u00abLa primera vez ni siquiera estaba segura de si al haberse producido por parte de mi pareja se pod\u00eda considerar violaci\u00f3n, hasta que fue demasiado tarde. Adem\u00e1s, \u00bfqui\u00e9n me creer\u00eda? La segunda, pensaba que era culpa m\u00eda por no haber luchado m\u00e1s, pero estaba asustada. Por supuesto, esto fue hace muchos a\u00f1os cuando yo no sab\u00eda que ninguna de las dos eran responsabilidad m\u00eda\u00bb, agreg\u00f3.<\/p>\n<p>Es por eso que asegur\u00f3 que es importante que las v\u00edctimas de abuso sexual no se callen, sino que deben hacer todo lo contrario para evitar que m\u00e1s mujeres pasen por lo mismo.<\/p>\n<p>\u00abNo voy a avergonzarme&#8230; No creo en un tiempo en el que la gente tenga que guardar silencio ni un minuto m\u00e1s. No en un mundo en el que tenemos una intolerancia tan flagrante y sexista\u00bb, afirm\u00f3.<\/p>\n","protected":false},"excerpt":{"rendered":"<p>Evan Rachel Wood hizo una dura confesi\u00f3n y revel\u00f3 que fue v\u00edctima de dos violaciones y que producto de ello intent\u00f3 quitarse la vida. En una carta enviada a Rolling Stone, la protagonista de Westworld\u00a0afirm\u00f3 que cuando ten\u00eda 22 a\u00f1os intent\u00f3 suicidarse, despu\u00e9s de ser abusada sexualmente en dos ocasiones. \u00abFui violada por alguien significativo [&hellip;]<\/p>\n","protected":false},"author":13240,"featured_media":60440,"comment_status":"open","ping_status":"open","sticky":false,"template":"","format":"standard","meta":{"footnotes":""},"categories":[1,40],"tags":[],"class_list":["post-60439","post","type-post","status-publish","format-standard","has-post-thumbnail","hentry","category-entretenimiento","category-internacionales"],"_links":{"self":[{"href":"https:\/\/2horizontes.com\/index.php?rest_route=\/wp\/v2\/posts\/60439","targetHints":{"allow":["GET"]}}],"collection":[{"href":"https:\/\/2horizontes.com\/index.php?rest_route=\/wp\/v2\/posts"}],"about":[{"href":"https:\/\/2horizontes.com\/index.php?rest_route=\/wp\/v2\/types\/post"}],"author":[{"embeddable":true,"href":"https:\/\/2horizontes.com\/index.php?rest_route=\/wp\/v2\/users\/13240"}],"replies":[{"embeddable":true,"href":"https:\/\/2horizontes.com\/index.php?rest_route=%2Fwp%2Fv2%2Fcomments&post=60439"}],"version-history":[{"count":1,"href":"https:\/\/2horizontes.com\/index.php?rest_route=\/wp\/v2\/posts\/60439\/revisions"}],"predecessor-version":[{"id":60441,"href":"https:\/\/2horizontes.com\/index.php?rest_route=\/wp\/v2\/posts\/60439\/revisions\/60441"}],"wp:featuredmedia":[{"embeddable":true,"href":"https:\/\/2horizontes.com\/index.php?rest_route=\/wp\/v2\/media\/60440"}],"wp:attachment":[{"href":"https:\/\/2horizontes.com\/index.php?rest_route=%2Fwp%2Fv2%2Fmedia&parent=60439"}],"wp:term":[{"taxonomy":"category","embeddable":true,"href":"https:\/\/2horizontes.com\/index.php?rest_route=%2Fwp%2Fv2%2Fcategories&post=60439"},{"taxonomy":"post_tag","embeddable":true,"href":"https:\/\/2horizontes.com\/index.php?rest_route=%2Fwp%2Fv2%2Ftags&post=60439"}],"curies":[{"name":"wp","href":"https:\/\/api.w.org\/{rel}","templated":true}]}}