{"id":60434,"date":"2016-11-29T16:33:44","date_gmt":"2016-11-29T15:33:44","guid":{"rendered":"http:\/\/2horizontes.com\/?p=60434"},"modified":"2016-11-29T16:33:44","modified_gmt":"2016-11-29T15:33:44","slug":"maradona-expreso-su-pesar-por-la-tragedia-del-chapecoens","status":"publish","type":"post","link":"https:\/\/2horizontes.com\/?p=60434","title":{"rendered":"Maradona expres\u00f3 su pesar por la tragedia del Chapecoens"},"content":{"rendered":"<p>Diego Maradona expres\u00f3 hoy su pesar por el accidente a\u00e9reo sufrido por el Chapecoense brasile\u00f1o en Colombia, que dej\u00f3 alrededor de 75 muertos seg\u00fan la Polic\u00eda de ese pa\u00eds.<\/p>\n<p>\u00abMi p\u00e9same para los familiares del equipo Chapecoense, de Brasil, y de todos las personas que fallecieron en el tr\u00e1gico accidente de avi\u00f3n, en Colombia\u00bb, public\u00f3 el ganador del Mundial de M\u00e9xico 1986 en su perfil oficial de la red social Facebook.<\/p>\n<p>Maradona acompa\u00f1\u00f3 sus palabras con una fotograf\u00eda del equipo brasile\u00f1o en la previa de un partido por la Copa Suramericana.<\/p>\n<p>De esta forma, el ex entrenador de la Albiceleste en el Mundial de Sud\u00e1frica 2010 se sum\u00f3 a la Asociaci\u00f3n del F\u00fatbol Argentino (AFA) y a los clubes locales, que tambi\u00e9n expresaron su pesar por el accidente.<\/p>\n<p>La tragedia se produjo alrededor de las 3:00 de la madrugada del martes en el cerro El Gordo, en la jurisdicci\u00f3n del municipio de La Uni\u00f3n, en el departamento de Antioquia, cercano al aeropuerto Jos\u00e9 Mar\u00eda C\u00f3rdova de Medell\u00edn, situado en el vecino municipio de Rionegro.<\/p>\n<p>El Chapecoense, de la ciudad brasile\u00f1a de Chapec\u00f3, en el sure\u00f1o estado de Santa Catarina, se dirig\u00eda a Medell\u00edn para disputar ma\u00f1ana con el Atl\u00e9tico Nacional el partido de ida de la final de la Copa Sudamericana.<\/p>\n<p>En el aparato accidentado, un Avro Regional Jet 85 fletado a la compa\u00f1\u00eda boliviana Lamia, viajaban tambi\u00e9n 28 dirigentes, miembros del cuerpo t\u00e9cnico e invitados especiales del club brasile\u00f1o, as\u00ed como 22 periodistas y nueve tripulantes, seg\u00fan reporte de la Aeron\u00e1utica Civil de Colombia (Aerocivil).<\/p>\n","protected":false},"excerpt":{"rendered":"<p>Diego Maradona expres\u00f3 hoy su pesar por el accidente a\u00e9reo sufrido por el Chapecoense brasile\u00f1o en Colombia, que dej\u00f3 alrededor de 75 muertos seg\u00fan la Polic\u00eda de ese pa\u00eds. \u00abMi p\u00e9same para los familiares del equipo Chapecoense, de Brasil, y de todos las personas que fallecieron en el tr\u00e1gico accidente de avi\u00f3n, en Colombia\u00bb, public\u00f3 [&hellip;]<\/p>\n","protected":false},"author":13240,"featured_media":60437,"comment_status":"open","ping_status":"open","sticky":false,"template":"","format":"standard","meta":{"footnotes":""},"categories":[42,40],"tags":[],"class_list":["post-60434","post","type-post","status-publish","format-standard","has-post-thumbnail","hentry","category-deportes","category-internacionales"],"_links":{"self":[{"href":"https:\/\/2horizontes.com\/index.php?rest_route=\/wp\/v2\/posts\/60434","targetHints":{"allow":["GET"]}}],"collection":[{"href":"https:\/\/2horizontes.com\/index.php?rest_route=\/wp\/v2\/posts"}],"about":[{"href":"https:\/\/2horizontes.com\/index.php?rest_route=\/wp\/v2\/types\/post"}],"author":[{"embeddable":true,"href":"https:\/\/2horizontes.com\/index.php?rest_route=\/wp\/v2\/users\/13240"}],"replies":[{"embeddable":true,"href":"https:\/\/2horizontes.com\/index.php?rest_route=%2Fwp%2Fv2%2Fcomments&post=60434"}],"version-history":[{"count":1,"href":"https:\/\/2horizontes.com\/index.php?rest_route=\/wp\/v2\/posts\/60434\/revisions"}],"predecessor-version":[{"id":60438,"href":"https:\/\/2horizontes.com\/index.php?rest_route=\/wp\/v2\/posts\/60434\/revisions\/60438"}],"wp:featuredmedia":[{"embeddable":true,"href":"https:\/\/2horizontes.com\/index.php?rest_route=\/wp\/v2\/media\/60437"}],"wp:attachment":[{"href":"https:\/\/2horizontes.com\/index.php?rest_route=%2Fwp%2Fv2%2Fmedia&parent=60434"}],"wp:term":[{"taxonomy":"category","embeddable":true,"href":"https:\/\/2horizontes.com\/index.php?rest_route=%2Fwp%2Fv2%2Fcategories&post=60434"},{"taxonomy":"post_tag","embeddable":true,"href":"https:\/\/2horizontes.com\/index.php?rest_route=%2Fwp%2Fv2%2Ftags&post=60434"}],"curies":[{"name":"wp","href":"https:\/\/api.w.org\/{rel}","templated":true}]}}