{"id":60430,"date":"2016-11-29T13:06:03","date_gmt":"2016-11-29T12:06:03","guid":{"rendered":"http:\/\/2horizontes.com\/?p=60430"},"modified":"2016-11-29T13:06:03","modified_gmt":"2016-11-29T12:06:03","slug":"omega-salio-de-la-carcel-la-victoria-esta-noche","status":"publish","type":"post","link":"https:\/\/2horizontes.com\/?p=60430","title":{"rendered":"Omega sali\u00f3 de la c\u00e1rcel La Victoria esta noche"},"content":{"rendered":"<p>SANTO DOMINGO. El m\u00e1nager del cantante de m\u00fasica urbana inform\u00f3 a Diario Libre la noche de este lunes, que Omega sali\u00f3 en libertad del centro penitenciario de La Victoria a las siete de la noche.<\/p>\n<p>\u201c\u00bfMala Cara es cierto que Omega est\u00e1 libre? As\u00ed es. Sali\u00f3 hace media hora (7:00pm)\u201d, confirm\u00f3 el m\u00e1nager del artista, @malacara809.<\/p>\n<p>El cantante, Antonio Peter de la Rosa, hab\u00eda cumplido la pena acordada tras declararse culpable de violencia de g\u00e9nero el pasado 23 de noviembre; pero la Fiscal\u00eda del Distrito Nacional apel\u00f3 la condena.<\/p>\n","protected":false},"excerpt":{"rendered":"<p>SANTO DOMINGO. El m\u00e1nager del cantante de m\u00fasica urbana inform\u00f3 a Diario Libre la noche de este lunes, que Omega sali\u00f3 en libertad del centro penitenciario de La Victoria a las siete de la noche. \u201c\u00bfMala Cara es cierto que Omega est\u00e1 libre? As\u00ed es. Sali\u00f3 hace media hora (7:00pm)\u201d, confirm\u00f3 el m\u00e1nager del artista, [&hellip;]<\/p>\n","protected":false},"author":3,"featured_media":60431,"comment_status":"open","ping_status":"open","sticky":false,"template":"","format":"standard","meta":{"footnotes":""},"categories":[44],"tags":[],"class_list":["post-60430","post","type-post","status-publish","format-standard","has-post-thumbnail","hentry","category-republica-dominicana"],"_links":{"self":[{"href":"https:\/\/2horizontes.com\/index.php?rest_route=\/wp\/v2\/posts\/60430","targetHints":{"allow":["GET"]}}],"collection":[{"href":"https:\/\/2horizontes.com\/index.php?rest_route=\/wp\/v2\/posts"}],"about":[{"href":"https:\/\/2horizontes.com\/index.php?rest_route=\/wp\/v2\/types\/post"}],"author":[{"embeddable":true,"href":"https:\/\/2horizontes.com\/index.php?rest_route=\/wp\/v2\/users\/3"}],"replies":[{"embeddable":true,"href":"https:\/\/2horizontes.com\/index.php?rest_route=%2Fwp%2Fv2%2Fcomments&post=60430"}],"version-history":[{"count":1,"href":"https:\/\/2horizontes.com\/index.php?rest_route=\/wp\/v2\/posts\/60430\/revisions"}],"predecessor-version":[{"id":60432,"href":"https:\/\/2horizontes.com\/index.php?rest_route=\/wp\/v2\/posts\/60430\/revisions\/60432"}],"wp:featuredmedia":[{"embeddable":true,"href":"https:\/\/2horizontes.com\/index.php?rest_route=\/wp\/v2\/media\/60431"}],"wp:attachment":[{"href":"https:\/\/2horizontes.com\/index.php?rest_route=%2Fwp%2Fv2%2Fmedia&parent=60430"}],"wp:term":[{"taxonomy":"category","embeddable":true,"href":"https:\/\/2horizontes.com\/index.php?rest_route=%2Fwp%2Fv2%2Fcategories&post=60430"},{"taxonomy":"post_tag","embeddable":true,"href":"https:\/\/2horizontes.com\/index.php?rest_route=%2Fwp%2Fv2%2Ftags&post=60430"}],"curies":[{"name":"wp","href":"https:\/\/api.w.org\/{rel}","templated":true}]}}