{"id":60376,"date":"2016-11-28T18:10:02","date_gmt":"2016-11-28T17:10:02","guid":{"rendered":"http:\/\/2horizontes.com\/?p=60376"},"modified":"2016-11-28T18:10:02","modified_gmt":"2016-11-28T17:10:02","slug":"este-ano-no-se-realizara-la-tradicional-fiesta-navidena-del-grupo-telemicro","status":"publish","type":"post","link":"https:\/\/2horizontes.com\/?p=60376","title":{"rendered":"Este a\u00f1o no se realizar\u00e1 la tradicional fiesta navide\u00f1a del Grupo Telemicro"},"content":{"rendered":"<p>SANTO DOMINGO. El Grupo Telemicro anunci\u00f3 este lunes la suspensi\u00f3n de su tradicional fiesta navide\u00f1a de empleados debido \u201ca la estela de luto y dolor provocada por las lluvias en la zona Norte y en gran parte del pa\u00eds\u201d.<\/p>\n<p>A trav\u00e9s de un comunicado, la empresa indica que \u201cas\u00ed como el n\u00famero de familias que hoy permanece sin hogar, sin ropa, sin ajuares y que lo \u00fanico que tiene es la esperanza en un mejor ma\u00f1ana\u201d.<\/p>\n<p>Indica, que el Grupo Telemicro reconoce que esta fiesta se ha convertido en parte de la tradici\u00f3n navide\u00f1a de la Rep\u00fablica Dominicana y de los quisqueyanos en el exterior no deja de admitir la situaci\u00f3n de calamidad en que est\u00e1n sumidos muchos de nuestros compatriotas afectados por las lluvias.<\/p>\n<p>El Grupo Telemicro se\u00f1ala que luego de un estudio ponderado de la situaci\u00f3n informar\u00e1 a la poblaci\u00f3n la forma en que canalizar\u00e1 como ayudar de manera directa a varias familias damnificadas con parte de los recursos que se gastar\u00edan en la celebraci\u00f3n navide\u00f1a.<\/p>\n","protected":false},"excerpt":{"rendered":"<p>SANTO DOMINGO. El Grupo Telemicro anunci\u00f3 este lunes la suspensi\u00f3n de su tradicional fiesta navide\u00f1a de empleados debido \u201ca la estela de luto y dolor provocada por las lluvias en la zona Norte y en gran parte del pa\u00eds\u201d. A trav\u00e9s de un comunicado, la empresa indica que \u201cas\u00ed como el n\u00famero de familias que [&hellip;]<\/p>\n","protected":false},"author":13240,"featured_media":60377,"comment_status":"open","ping_status":"open","sticky":false,"template":"","format":"standard","meta":{"footnotes":""},"categories":[1,40,44],"tags":[],"class_list":["post-60376","post","type-post","status-publish","format-standard","has-post-thumbnail","hentry","category-entretenimiento","category-internacionales","category-republica-dominicana"],"_links":{"self":[{"href":"https:\/\/2horizontes.com\/index.php?rest_route=\/wp\/v2\/posts\/60376","targetHints":{"allow":["GET"]}}],"collection":[{"href":"https:\/\/2horizontes.com\/index.php?rest_route=\/wp\/v2\/posts"}],"about":[{"href":"https:\/\/2horizontes.com\/index.php?rest_route=\/wp\/v2\/types\/post"}],"author":[{"embeddable":true,"href":"https:\/\/2horizontes.com\/index.php?rest_route=\/wp\/v2\/users\/13240"}],"replies":[{"embeddable":true,"href":"https:\/\/2horizontes.com\/index.php?rest_route=%2Fwp%2Fv2%2Fcomments&post=60376"}],"version-history":[{"count":1,"href":"https:\/\/2horizontes.com\/index.php?rest_route=\/wp\/v2\/posts\/60376\/revisions"}],"predecessor-version":[{"id":60378,"href":"https:\/\/2horizontes.com\/index.php?rest_route=\/wp\/v2\/posts\/60376\/revisions\/60378"}],"wp:featuredmedia":[{"embeddable":true,"href":"https:\/\/2horizontes.com\/index.php?rest_route=\/wp\/v2\/media\/60377"}],"wp:attachment":[{"href":"https:\/\/2horizontes.com\/index.php?rest_route=%2Fwp%2Fv2%2Fmedia&parent=60376"}],"wp:term":[{"taxonomy":"category","embeddable":true,"href":"https:\/\/2horizontes.com\/index.php?rest_route=%2Fwp%2Fv2%2Fcategories&post=60376"},{"taxonomy":"post_tag","embeddable":true,"href":"https:\/\/2horizontes.com\/index.php?rest_route=%2Fwp%2Fv2%2Ftags&post=60376"}],"curies":[{"name":"wp","href":"https:\/\/api.w.org\/{rel}","templated":true}]}}