{"id":6037,"date":"2015-05-06T19:35:16","date_gmt":"2015-05-06T18:35:16","guid":{"rendered":"http:\/\/2horizontes.com\/?p=6037"},"modified":"2015-05-06T19:35:16","modified_gmt":"2015-05-06T18:35:16","slug":"david-bisbal-se-pone-nostalgico-al-regresar-a-las-calles-de-su-infancia","status":"publish","type":"post","link":"https:\/\/2horizontes.com\/?p=6037","title":{"rendered":"David Bisbal se pone nost\u00e1lgico al regresar a las calles de su infancia"},"content":{"rendered":"<p class=\"mce\">A pesar de que su carrera profesional le ha llevado a recorrer medio mundo, David Bisbal todav\u00eda sigue guardando un lugar especial en su coraz\u00f3n para su querida Almer\u00eda, por lo que no ha podido evitar emocionarse al volver a pisar las calles de su infancia esta semana.<\/p>\n<p class=\"mce\"><em class=\"mce\">\u00abBueno, estoy en la calle Cantavieja. Aqu\u00ed es donde yo nac\u00ed. Aqu\u00ed jugaba cuando era un ni\u00f1o y me da mucha alegr\u00eda estar aqu\u00ed, de verdad que s\u00ed. Y al fondo, a esa ventana siempre se asomaba mi madre para darme la merienda\u00bb,<\/em> explic\u00f3 en su cuenta de Twitter el cantante, que ha regresado a su tierra natal para recoger este mi\u00e9rcoles el premio El Caminante que le ha otorgado el peri\u00f3dico El Mundo Andaluc\u00eda, en la categor\u00eda de embajador de Almer\u00eda en el mundo.<\/p>\n<p class=\"mce\">Quien no ha podido acompa\u00f1ar en esta ocasi\u00f3n al int\u00e9rprete ha sido su novia, la actriz argentina Eugenia Su\u00e1rez, que ya tuvo la oportunidad de conocer a la familia de Bisbal el pasado verano durante su primera visita a Espa\u00f1a como novia oficial del cantante.<\/p>\n<p class=\"mce\"><em class=\"mce\">\u00abMe gust\u00f3 mucho Almer\u00eda, es una tierra fascinante. La gente es muy amable y los andaluces son espectaculares. Adem\u00e1s, la tonada me parece resexy\u00bb,<\/em> confesaba la joven a la revista argentina Gente.<\/p>\n","protected":false},"excerpt":{"rendered":"<p>A pesar de que su carrera profesional le ha llevado a recorrer medio mundo, David Bisbal todav\u00eda sigue guardando un lugar especial en su coraz\u00f3n para su querida Almer\u00eda, por lo que no ha podido evitar emocionarse al volver a pisar las calles de su infancia esta semana. \u00abBueno, estoy en la calle Cantavieja. Aqu\u00ed [&hellip;]<\/p>\n","protected":false},"author":3,"featured_media":6038,"comment_status":"open","ping_status":"open","sticky":false,"template":"","format":"standard","meta":{"footnotes":""},"categories":[1],"tags":[],"class_list":["post-6037","post","type-post","status-publish","format-standard","has-post-thumbnail","hentry","category-entretenimiento"],"_links":{"self":[{"href":"https:\/\/2horizontes.com\/index.php?rest_route=\/wp\/v2\/posts\/6037","targetHints":{"allow":["GET"]}}],"collection":[{"href":"https:\/\/2horizontes.com\/index.php?rest_route=\/wp\/v2\/posts"}],"about":[{"href":"https:\/\/2horizontes.com\/index.php?rest_route=\/wp\/v2\/types\/post"}],"author":[{"embeddable":true,"href":"https:\/\/2horizontes.com\/index.php?rest_route=\/wp\/v2\/users\/3"}],"replies":[{"embeddable":true,"href":"https:\/\/2horizontes.com\/index.php?rest_route=%2Fwp%2Fv2%2Fcomments&post=6037"}],"version-history":[{"count":1,"href":"https:\/\/2horizontes.com\/index.php?rest_route=\/wp\/v2\/posts\/6037\/revisions"}],"predecessor-version":[{"id":6039,"href":"https:\/\/2horizontes.com\/index.php?rest_route=\/wp\/v2\/posts\/6037\/revisions\/6039"}],"wp:featuredmedia":[{"embeddable":true,"href":"https:\/\/2horizontes.com\/index.php?rest_route=\/wp\/v2\/media\/6038"}],"wp:attachment":[{"href":"https:\/\/2horizontes.com\/index.php?rest_route=%2Fwp%2Fv2%2Fmedia&parent=6037"}],"wp:term":[{"taxonomy":"category","embeddable":true,"href":"https:\/\/2horizontes.com\/index.php?rest_route=%2Fwp%2Fv2%2Fcategories&post=6037"},{"taxonomy":"post_tag","embeddable":true,"href":"https:\/\/2horizontes.com\/index.php?rest_route=%2Fwp%2Fv2%2Ftags&post=6037"}],"curies":[{"name":"wp","href":"https:\/\/api.w.org\/{rel}","templated":true}]}}